{"id":47929,"date":"2017-12-13T17:19:30","date_gmt":"2017-12-13T15:19:30","guid":{"rendered":"https:\/\/www.giurgiuveanul.ro\/stiri\/?p=47929"},"modified":"2017-12-13T17:25:43","modified_gmt":"2017-12-13T15:25:43","slug":"accident-rutier-soldat-cu-victima-foto","status":"publish","type":"post","link":"https:\/\/www.giurgiuveanul.ro\/stiri\/accident-rutier-soldat-cu-victima-foto\/","title":{"rendered":"Accident rutier soldat cu o victim\u0103! (FOTO)"},"content":{"rendered":"<p style=\"text-align: justify;\"><a href=\"https:\/\/www.giurgiuveanul.ro\/stiri\/wp-content\/uploads\/2017\/12\/IMG-20171213-WA0006.jpg\"><img loading=\"lazy\" decoding=\"async\" class=\"aligncenter size-large wp-image-47930\" src=\"https:\/\/www.giurgiuveanul.ro\/stiri\/wp-content\/uploads\/2017\/12\/IMG-20171213-WA0006-421x450.jpg\" alt=\"IMG-20171213-WA0006\" width=\"421\" height=\"450\" srcset=\"https:\/\/www.giurgiuveanul.ro\/stiri\/wp-content\/uploads\/2017\/12\/IMG-20171213-WA0006-421x450.jpg 421w, https:\/\/www.giurgiuveanul.ro\/stiri\/wp-content\/uploads\/2017\/12\/IMG-20171213-WA0006-250x267.jpg 250w, https:\/\/www.giurgiuveanul.ro\/stiri\/wp-content\/uploads\/2017\/12\/IMG-20171213-WA0006-400x427.jpg 400w, https:\/\/www.giurgiuveanul.ro\/stiri\/wp-content\/uploads\/2017\/12\/IMG-20171213-WA0006.jpg 749w\" sizes=\"auto, (max-width: 421px) 100vw, 421px\" \/><\/a><\/p>\n<p style=\"text-align: justify;\"><strong>Un b\u0103rbat de <!--more-->57 de ani, din Videle, a fost r\u0103nit, ast\u0103zi, \u00een jurul orei 11.30,\u00a0 dup\u0103 ce un t\u00e2n\u0103r care nu avea permis a efectuat o manevr\u0103 cu autoturismul f\u0103r\u0103 s\u0103 se asigure.<\/strong><\/p>\n<p style=\"text-align: justify;\"><a href=\"https:\/\/www.giurgiuveanul.ro\/stiri\/wp-content\/uploads\/2017\/12\/IMG-20171213-WA0005.jpg\"><img loading=\"lazy\" decoding=\"async\" class=\"aligncenter size-large wp-image-47934\" src=\"https:\/\/www.giurgiuveanul.ro\/stiri\/wp-content\/uploads\/2017\/12\/IMG-20171213-WA0005-474x450.jpg\" alt=\"IMG-20171213-WA0005\" width=\"474\" height=\"450\" srcset=\"https:\/\/www.giurgiuveanul.ro\/stiri\/wp-content\/uploads\/2017\/12\/IMG-20171213-WA0005-474x450.jpg 474w, https:\/\/www.giurgiuveanul.ro\/stiri\/wp-content\/uploads\/2017\/12\/IMG-20171213-WA0005-250x238.jpg 250w, https:\/\/www.giurgiuveanul.ro\/stiri\/wp-content\/uploads\/2017\/12\/IMG-20171213-WA0005-400x380.jpg 400w, https:\/\/www.giurgiuveanul.ro\/stiri\/wp-content\/uploads\/2017\/12\/IMG-20171213-WA0005.jpg 800w\" sizes=\"auto, (max-width: 474px) 100vw, 474px\" \/><\/a><\/p>\n<p style=\"text-align: justify;\">T\u00e2n\u0103rul de 17 ani, din Podu Doamnei, comuna Clejani, ce conducea un autoturism Kia, a efectuat o manevr\u0103 de ie\u015fire cu spatele, f\u0103r\u0103 s\u0103 se asigure, inten\u0163ion\u00e2nd s\u0103 ias\u0103 \u00een DJ 411, moment \u00een care a acro\u015fat un autoturism Volkswagen. Acesta din urm\u0103 era condus de un b\u0103rbat de 57 de ani, din Videle. \u00cen urma impactului, \u015foferul Volkswagen-ului a fost r\u0103nit, fiind transportat cu o ambulan\u0163\u0103 SMURD la Spitalului Universitar din Bucure\u015fti, pentru a i se efectua investiga\u0163ii medicale. B\u0103rbatul nu a r\u0103mas internat.<\/p>\n<p style=\"text-align: justify;\">T\u00e2n\u0103rul vinovat de producerea accidentului rutier va fi cercetat at\u00e2t pentru concucerea unui autovehicul f\u0103r\u0103 permis, v\u0103t\u0103mare corporal\u0103 din culp\u0103, dar \u015fi p\u0103r\u0103sirea locului accidentului f\u0103r\u0103 \u00eencuviin\u0163area organelor de poli\u0163ie.<\/p>\n","protected":false},"excerpt":{"rendered":"<p>Un b\u0103rbat de<\/p>\n","protected":false},"author":1,"featured_media":0,"comment_status":"open","ping_status":"open","sticky":false,"template":"","format":"standard","meta":{"footnotes":""},"categories":[6],"tags":[],"class_list":["post-47929","post","type-post","status-publish","format-standard","hentry","category-breaking-news"],"_links":{"self":[{"href":"https:\/\/www.giurgiuveanul.ro\/stiri\/wp-json\/wp\/v2\/posts\/47929","targetHints":{"allow":["GET"]}}],"collection":[{"href":"https:\/\/www.giurgiuveanul.ro\/stiri\/wp-json\/wp\/v2\/posts"}],"about":[{"href":"https:\/\/www.giurgiuveanul.ro\/stiri\/wp-json\/wp\/v2\/types\/post"}],"author":[{"embeddable":true,"href":"https:\/\/www.giurgiuveanul.ro\/stiri\/wp-json\/wp\/v2\/users\/1"}],"replies":[{"embeddable":true,"href":"https:\/\/www.giurgiuveanul.ro\/stiri\/wp-json\/wp\/v2\/comments?post=47929"}],"version-history":[{"count":0,"href":"https:\/\/www.giurgiuveanul.ro\/stiri\/wp-json\/wp\/v2\/posts\/47929\/revisions"}],"wp:attachment":[{"href":"https:\/\/www.giurgiuveanul.ro\/stiri\/wp-json\/wp\/v2\/media?parent=47929"}],"wp:term":[{"taxonomy":"category","embeddable":true,"href":"https:\/\/www.giurgiuveanul.ro\/stiri\/wp-json\/wp\/v2\/categories?post=47929"},{"taxonomy":"post_tag","embeddable":true,"href":"https:\/\/www.giurgiuveanul.ro\/stiri\/wp-json\/wp\/v2\/tags?post=47929"}],"curies":[{"name":"wp","href":"https:\/\/api.w.org\/{rel}","templated":true}]}}