{"id":47941,"date":"2017-12-14T08:35:22","date_gmt":"2017-12-14T06:35:22","guid":{"rendered":"https:\/\/www.giurgiuveanul.ro\/stiri\/?p=47941"},"modified":"2017-12-14T08:35:22","modified_gmt":"2017-12-14T06:35:22","slug":"la-multi-ani-florian-nicolae","status":"publish","type":"post","link":"https:\/\/www.giurgiuveanul.ro\/stiri\/la-multi-ani-florian-nicolae\/","title":{"rendered":"La Mul\u0163i Ani, Florian Nicolae!"},"content":{"rendered":"<p style=\"text-align: justify;\"><a href=\"https:\/\/www.giurgiuveanul.ro\/stiri\/wp-content\/uploads\/2017\/12\/Deputatul-Florian-Nicolae-by-Giurgiuveanul.jpg\"><img loading=\"lazy\" decoding=\"async\" class=\"aligncenter size-large wp-image-47942\" src=\"https:\/\/www.giurgiuveanul.ro\/stiri\/wp-content\/uploads\/2017\/12\/Deputatul-Florian-Nicolae-by-Giurgiuveanul-560x335.jpg\" alt=\"Deputatul-Florian-Nicolae-by-Giurgiuveanul\" width=\"560\" height=\"335\" srcset=\"https:\/\/www.giurgiuveanul.ro\/stiri\/wp-content\/uploads\/2017\/12\/Deputatul-Florian-Nicolae-by-Giurgiuveanul-560x335.jpg 560w, https:\/\/www.giurgiuveanul.ro\/stiri\/wp-content\/uploads\/2017\/12\/Deputatul-Florian-Nicolae-by-Giurgiuveanul-250x149.jpg 250w, https:\/\/www.giurgiuveanul.ro\/stiri\/wp-content\/uploads\/2017\/12\/Deputatul-Florian-Nicolae-by-Giurgiuveanul-400x239.jpg 400w, https:\/\/www.giurgiuveanul.ro\/stiri\/wp-content\/uploads\/2017\/12\/Deputatul-Florian-Nicolae-by-Giurgiuveanul.jpg 1500w\" sizes=\"auto, (max-width: 560px) 100vw, 560px\" \/><\/a>Ast\u0103zi, Florian Nicolae, <!--more-->patronul grupului de firme Nova Force, pe care giurgiuvenii \u00eel cunosc sub pseudonimul Floricel, se afl\u0103 la moment aniversar.<\/p>\n<p style=\"text-align: justify;\">La mul\u0163i, mul\u0163i ani! S\u0103 tr\u0103i\u0163i o mie de ani! Fie ca binele, frumosul \u015fi adev\u0103rul s\u0103 v\u0103 \u00eenso\u0163easc\u0103 pretutindeni! Sunte\u0163i o persoan\u0103 minunat\u0103 \u015fi un om nemaipomenit de bun! S\u0103 fi\u0163i s\u0103n\u0103tos, fericit \u015fi mereu cu z\u00e2mbetul pe buze!<\/p>\n<p style=\"text-align: justify;\">V\u0103 dorim s\u0103 ave\u0163i parte de zile senine, ani mul\u0163i \u015fi frumo\u015fi, mult\u0103 bucurie \u015fi mii de oameni buni al\u0103turi!<\/p>\n<p style=\"text-align: justify;\">La Mul\u0163i Ani, Florian Nicolae!<\/p>\n","protected":false},"excerpt":{"rendered":"<p>Ast\u0103zi, Florian Nicolae,<\/p>\n","protected":false},"author":1,"featured_media":0,"comment_status":"open","ping_status":"open","sticky":false,"template":"","format":"standard","meta":{"footnotes":""},"categories":[16],"tags":[],"class_list":["post-47941","post","type-post","status-publish","format-standard","hentry","category-astazi-e-ziua-ta"],"_links":{"self":[{"href":"https:\/\/www.giurgiuveanul.ro\/stiri\/wp-json\/wp\/v2\/posts\/47941","targetHints":{"allow":["GET"]}}],"collection":[{"href":"https:\/\/www.giurgiuveanul.ro\/stiri\/wp-json\/wp\/v2\/posts"}],"about":[{"href":"https:\/\/www.giurgiuveanul.ro\/stiri\/wp-json\/wp\/v2\/types\/post"}],"author":[{"embeddable":true,"href":"https:\/\/www.giurgiuveanul.ro\/stiri\/wp-json\/wp\/v2\/users\/1"}],"replies":[{"embeddable":true,"href":"https:\/\/www.giurgiuveanul.ro\/stiri\/wp-json\/wp\/v2\/comments?post=47941"}],"version-history":[{"count":0,"href":"https:\/\/www.giurgiuveanul.ro\/stiri\/wp-json\/wp\/v2\/posts\/47941\/revisions"}],"wp:attachment":[{"href":"https:\/\/www.giurgiuveanul.ro\/stiri\/wp-json\/wp\/v2\/media?parent=47941"}],"wp:term":[{"taxonomy":"category","embeddable":true,"href":"https:\/\/www.giurgiuveanul.ro\/stiri\/wp-json\/wp\/v2\/categories?post=47941"},{"taxonomy":"post_tag","embeddable":true,"href":"https:\/\/www.giurgiuveanul.ro\/stiri\/wp-json\/wp\/v2\/tags?post=47941"}],"curies":[{"name":"wp","href":"https:\/\/api.w.org\/{rel}","templated":true}]}}