{"id":47944,"date":"2017-12-14T09:54:33","date_gmt":"2017-12-14T07:54:33","guid":{"rendered":"https:\/\/www.giurgiuveanul.ro\/stiri\/?p=47944"},"modified":"2017-12-14T09:54:33","modified_gmt":"2017-12-14T07:54:33","slug":"tanar-provocat-accident-cu-trei-victime-si-fugit-fost-prins-de-politisti","status":"publish","type":"post","link":"https:\/\/www.giurgiuveanul.ro\/stiri\/tanar-provocat-accident-cu-trei-victime-si-fugit-fost-prins-de-politisti\/","title":{"rendered":"Un t\u00e2n\u0103r a provocat un accident cu trei victime \u015fi a fugit. A fost prins de poli\u0163i\u015fti"},"content":{"rendered":"<p style=\"text-align: justify;\"><strong><a href=\"https:\/\/www.giurgiuveanul.ro\/stiri\/wp-content\/uploads\/2017\/12\/protest-extrem-in-centrul-capitalei-o-familie-s-a-urcat-pe-un-bloc-si-ameninta-cu-sinuciderea-18517112.jpg\"><img loading=\"lazy\" decoding=\"async\" class=\"aligncenter size-full wp-image-47945\" src=\"https:\/\/www.giurgiuveanul.ro\/stiri\/wp-content\/uploads\/2017\/12\/protest-extrem-in-centrul-capitalei-o-familie-s-a-urcat-pe-un-bloc-si-ameninta-cu-sinuciderea-18517112.jpg\" alt=\"protest-extrem-in-centrul-capitalei-o-familie-s-a-urcat-pe-un-bloc-si-ameninta-cu-sinuciderea-18517112\" width=\"550\" height=\"367\" srcset=\"https:\/\/www.giurgiuveanul.ro\/stiri\/wp-content\/uploads\/2017\/12\/protest-extrem-in-centrul-capitalei-o-familie-s-a-urcat-pe-un-bloc-si-ameninta-cu-sinuciderea-18517112.jpg 550w, https:\/\/www.giurgiuveanul.ro\/stiri\/wp-content\/uploads\/2017\/12\/protest-extrem-in-centrul-capitalei-o-familie-s-a-urcat-pe-un-bloc-si-ameninta-cu-sinuciderea-18517112-250x167.jpg 250w, https:\/\/www.giurgiuveanul.ro\/stiri\/wp-content\/uploads\/2017\/12\/protest-extrem-in-centrul-capitalei-o-familie-s-a-urcat-pe-un-bloc-si-ameninta-cu-sinuciderea-18517112-400x267.jpg 400w\" sizes=\"auto, (max-width: 550px) 100vw, 550px\" \/><\/a>Un t\u00e2n\u0103r de 26 de ani,<!--more--> din Ghimpa\u0163i, a fost prins, ast\u0103zi, de poli\u0163i\u015fti, dup\u0103 ce asear\u0103, \u00een jurul orei 22.10, a provocat un accident rutier \u00een Naipu, \u00een urma \u00a0c\u0103ruia trei persoane au fost r\u0103nite \u015fi transportate la spital, acesta fugind de la locul faptei.<\/strong><\/p>\n<p style=\"text-align: justify;\">Accidentul de circula\u0163ie a avut loc pe DN 6, c\u00e2nd, \u00een timp ce conducea un Mercedes, t\u00e2n\u0103rul nu a p\u0103strat distan\u0163a \u00een mers fa\u0163\u0103 de autoturismul din fa\u0163a sa, o Dacie, intr\u00e2nd \u00een coliziune cu acesta. \u00cen urma coliziunii, trei tineri, \u015foferul Daciei, \u00een v\u00e2rst\u0103 de 20 de ani, \u015fi al\u0163i doi tineri de 18 \u015fi 19 ani, to\u0163i din Ghimpa\u0163i, au fost r\u0103ni\u0163i u\u015for, fiind transporta\u0163i la Spitalul Universitar din Bucure\u015fti unde au r\u0103mas interna\u0163i.<\/p>\n<p style=\"text-align: justify;\">T\u00e2n\u0103rul care a provocat accidentul a fugit de la locul faptei, fiind g\u0103sit ast\u0103zi de poli\u0163i\u015fti. El nu se afla sub influen\u0163a alcoolului, dar a spus c\u0103 s-a speriat \u015fi de aceea a p\u0103r\u0103sit locul accidentului.<\/p>\n<p style=\"text-align: justify;\">Autorul va fi cercetat de poli\u0163i\u015fti at\u00e2t pentru v\u0103t\u0103mare corporal\u0103 din culp\u0103 dar \u015fi pentru p\u0103r\u0103sirea locului accidentului f\u0103r\u0103 \u00eencuviin\u0163area organelor de poli\u0163ie.<\/p>\n","protected":false},"excerpt":{"rendered":"<p>Un t\u00e2n\u0103r de 26 de ani,<\/p>\n","protected":false},"author":1,"featured_media":0,"comment_status":"open","ping_status":"open","sticky":false,"template":"","format":"standard","meta":{"footnotes":""},"categories":[6],"tags":[],"class_list":["post-47944","post","type-post","status-publish","format-standard","hentry","category-breaking-news"],"_links":{"self":[{"href":"https:\/\/www.giurgiuveanul.ro\/stiri\/wp-json\/wp\/v2\/posts\/47944","targetHints":{"allow":["GET"]}}],"collection":[{"href":"https:\/\/www.giurgiuveanul.ro\/stiri\/wp-json\/wp\/v2\/posts"}],"about":[{"href":"https:\/\/www.giurgiuveanul.ro\/stiri\/wp-json\/wp\/v2\/types\/post"}],"author":[{"embeddable":true,"href":"https:\/\/www.giurgiuveanul.ro\/stiri\/wp-json\/wp\/v2\/users\/1"}],"replies":[{"embeddable":true,"href":"https:\/\/www.giurgiuveanul.ro\/stiri\/wp-json\/wp\/v2\/comments?post=47944"}],"version-history":[{"count":0,"href":"https:\/\/www.giurgiuveanul.ro\/stiri\/wp-json\/wp\/v2\/posts\/47944\/revisions"}],"wp:attachment":[{"href":"https:\/\/www.giurgiuveanul.ro\/stiri\/wp-json\/wp\/v2\/media?parent=47944"}],"wp:term":[{"taxonomy":"category","embeddable":true,"href":"https:\/\/www.giurgiuveanul.ro\/stiri\/wp-json\/wp\/v2\/categories?post=47944"},{"taxonomy":"post_tag","embeddable":true,"href":"https:\/\/www.giurgiuveanul.ro\/stiri\/wp-json\/wp\/v2\/tags?post=47944"}],"curies":[{"name":"wp","href":"https:\/\/api.w.org\/{rel}","templated":true}]}}