{"id":47975,"date":"2017-12-15T09:45:09","date_gmt":"2017-12-15T07:45:09","guid":{"rendered":"https:\/\/www.giurgiuveanul.ro\/stiri\/?p=47975"},"modified":"2017-12-15T09:45:09","modified_gmt":"2017-12-15T07:45:09","slug":"barbatul-gasit-mort-intr-un-autoturism-fost-identificat","status":"publish","type":"post","link":"https:\/\/www.giurgiuveanul.ro\/stiri\/barbatul-gasit-mort-intr-un-autoturism-fost-identificat\/","title":{"rendered":"B\u0103rbatul g\u0103sit mort \u00eentr-un autoturism a fost identificat"},"content":{"rendered":"<p style=\"text-align: justify;\"><a href=\"https:\/\/www.giurgiuveanul.ro\/stiri\/wp-content\/uploads\/2017\/12\/IMG_05591.jpg\"><img loading=\"lazy\" decoding=\"async\" class=\"aligncenter size-large wp-image-47976\" src=\"https:\/\/www.giurgiuveanul.ro\/stiri\/wp-content\/uploads\/2017\/12\/IMG_05591-560x438.jpg\" alt=\"IMG_0559\" width=\"560\" height=\"438\" srcset=\"https:\/\/www.giurgiuveanul.ro\/stiri\/wp-content\/uploads\/2017\/12\/IMG_05591-560x438.jpg 560w, https:\/\/www.giurgiuveanul.ro\/stiri\/wp-content\/uploads\/2017\/12\/IMG_05591-250x196.jpg 250w, https:\/\/www.giurgiuveanul.ro\/stiri\/wp-content\/uploads\/2017\/12\/IMG_05591-400x313.jpg 400w, https:\/\/www.giurgiuveanul.ro\/stiri\/wp-content\/uploads\/2017\/12\/IMG_05591.jpg 800w\" sizes=\"auto, (max-width: 560px) 100vw, 560px\" \/><\/a>Ieri, un b\u0103rbat <!--more-->a fost g\u0103sit mort \u00eentr-un autoturism Opel, pe strada Vasile Alecsandri, din Giurgiu.<\/p>\n<p style=\"text-align: justify;\">Un trec\u0103tor a alertat autorit\u0103\u0163ile, observ\u00e2nd c\u0103 b\u0103rbatul aflat \u00een ma\u015fin\u0103 este \u00een stare de incon\u015ftien\u0163\u0103. La fa\u0163a locului au sosit o ambulan\u0163\u0103, descarcerarea, dar \u015fi poli\u0163i\u015ftii. Din p\u0103cate, echipajul medical nu a mai putut face nimic pentru b\u0103rbatul care, cel mai probabil, suferise un infarct.<\/p>\n<p style=\"text-align: justify;\">Poli\u0163i\u015ftii l-au identificat pe b\u0103rbat, fiind vorba de o persoan\u0103 69 de ani, din Slobozia. Se pare c\u0103 b\u0103rbatul era cunoscut cu probleme cardiace.<\/p>\n","protected":false},"excerpt":{"rendered":"<p>Ieri, un b\u0103rbat<\/p>\n","protected":false},"author":1,"featured_media":0,"comment_status":"open","ping_status":"open","sticky":false,"template":"","format":"standard","meta":{"footnotes":""},"categories":[6],"tags":[],"class_list":["post-47975","post","type-post","status-publish","format-standard","hentry","category-breaking-news"],"_links":{"self":[{"href":"https:\/\/www.giurgiuveanul.ro\/stiri\/wp-json\/wp\/v2\/posts\/47975","targetHints":{"allow":["GET"]}}],"collection":[{"href":"https:\/\/www.giurgiuveanul.ro\/stiri\/wp-json\/wp\/v2\/posts"}],"about":[{"href":"https:\/\/www.giurgiuveanul.ro\/stiri\/wp-json\/wp\/v2\/types\/post"}],"author":[{"embeddable":true,"href":"https:\/\/www.giurgiuveanul.ro\/stiri\/wp-json\/wp\/v2\/users\/1"}],"replies":[{"embeddable":true,"href":"https:\/\/www.giurgiuveanul.ro\/stiri\/wp-json\/wp\/v2\/comments?post=47975"}],"version-history":[{"count":0,"href":"https:\/\/www.giurgiuveanul.ro\/stiri\/wp-json\/wp\/v2\/posts\/47975\/revisions"}],"wp:attachment":[{"href":"https:\/\/www.giurgiuveanul.ro\/stiri\/wp-json\/wp\/v2\/media?parent=47975"}],"wp:term":[{"taxonomy":"category","embeddable":true,"href":"https:\/\/www.giurgiuveanul.ro\/stiri\/wp-json\/wp\/v2\/categories?post=47975"},{"taxonomy":"post_tag","embeddable":true,"href":"https:\/\/www.giurgiuveanul.ro\/stiri\/wp-json\/wp\/v2\/tags?post=47975"}],"curies":[{"name":"wp","href":"https:\/\/api.w.org\/{rel}","templated":true}]}}