{"id":47978,"date":"2017-12-15T16:23:46","date_gmt":"2017-12-15T14:23:46","guid":{"rendered":"https:\/\/www.giurgiuveanul.ro\/stiri\/?p=47978"},"modified":"2017-12-15T16:23:46","modified_gmt":"2017-12-15T14:23:46","slug":"barbat-identificat-si-cercetat-pentru-furt-calificat","status":"publish","type":"post","link":"https:\/\/www.giurgiuveanul.ro\/stiri\/barbat-identificat-si-cercetat-pentru-furt-calificat\/","title":{"rendered":"B\u0103rbat identificat \u0219i cercetat pentru furt calificat"},"content":{"rendered":"<p style=\"text-align: justify;\"><strong><a href=\"https:\/\/www.giurgiuveanul.ro\/stiri\/wp-content\/uploads\/2017\/12\/Cinci-tineri-braileni-cercetati-pentru-furturi-din-magazine.jpg\"><img loading=\"lazy\" decoding=\"async\" class=\"aligncenter size-large wp-image-47979\" src=\"https:\/\/www.giurgiuveanul.ro\/stiri\/wp-content\/uploads\/2017\/12\/Cinci-tineri-braileni-cercetati-pentru-furturi-din-magazine-560x315.jpg\" alt=\"Cinci-tineri-braileni-cercetati-pentru-furturi-din-magazine\" width=\"560\" height=\"315\" srcset=\"https:\/\/www.giurgiuveanul.ro\/stiri\/wp-content\/uploads\/2017\/12\/Cinci-tineri-braileni-cercetati-pentru-furturi-din-magazine-560x315.jpg 560w, https:\/\/www.giurgiuveanul.ro\/stiri\/wp-content\/uploads\/2017\/12\/Cinci-tineri-braileni-cercetati-pentru-furturi-din-magazine-250x141.jpg 250w, https:\/\/www.giurgiuveanul.ro\/stiri\/wp-content\/uploads\/2017\/12\/Cinci-tineri-braileni-cercetati-pentru-furturi-din-magazine-400x225.jpg 400w, https:\/\/www.giurgiuveanul.ro\/stiri\/wp-content\/uploads\/2017\/12\/Cinci-tineri-braileni-cercetati-pentru-furturi-din-magazine.jpg 800w\" sizes=\"auto, (max-width: 560px) 100vw, 560px\" \/><\/a>Un t\u00e2n\u0103r<!--more--> din comuna Putineiu este cercetat de poli\u021bi\u0219ti pentru furt calificat dup\u0103 ce a sustras din anexa locuin\u021bei unui cons\u0103tean mai multe bunuri electronice, electrocasnice \u0219i scule.\u00a0<\/strong><\/p>\n<p style=\"text-align: justify;\">Joi, 14 decembrie a.c., \u00een jurul orei 08.00, poli\u021bi\u0219tii Postului de Poli\u021bie Putineiu din cadrul Sec\u021biei nr. 5 de Poli\u021bie Rural\u0103 Giurgiu au fost sesiza\u021bi cu privire la faptul c\u0103 dintr-o locuin\u021b\u0103 de vacan\u021b\u0103 din comuna Putineiu, au fost sustrase mai multe bunuri.<\/p>\n<p style=\"text-align: justify;\">\u00cen urma activit\u0103\u021bilor desf\u0103\u0219urate de poli\u021bi\u0219ti a fost identificat un t\u00e2n\u0103r, de 31 de ani, din\u00a0 localitate, care \u00een noaptea de 11\/12 decembrie 2017, a p\u0103truns \u00een curtea casei de vacan\u021b\u0103 a unei femei, din comuna Putineiu, \u0219i profit\u00e2nd de faptul c\u0103 proprietara este plecat\u0103 din localitate, a sustras dintr-o anex\u0103 gospod\u0103reasc\u0103, mai multe scule \u0219i aparate electronice, electrocasnice, respectiv componente electrice.<\/p>\n<p style=\"text-align: justify;\">Prejudiciul, estimat de proprietar\u0103, la suma de 3.650 lei, a fost recuperat \u00een totalitate.<\/p>\n<p style=\"text-align: justify;\">\u00cen cauz\u0103 a fost \u00eentocmit un dosar penal \u00een care se efectueaz\u0103 cercet\u0103ri sub aspectul s\u0103v\u00e2r\u0219irii infrac\u021biunii de\u00a0 furt calificat.<\/p>\n","protected":false},"excerpt":{"rendered":"<p>Un t\u00e2n\u0103r<\/p>\n","protected":false},"author":1,"featured_media":0,"comment_status":"open","ping_status":"open","sticky":false,"template":"","format":"standard","meta":{"footnotes":""},"categories":[6],"tags":[],"class_list":["post-47978","post","type-post","status-publish","format-standard","hentry","category-breaking-news"],"_links":{"self":[{"href":"https:\/\/www.giurgiuveanul.ro\/stiri\/wp-json\/wp\/v2\/posts\/47978","targetHints":{"allow":["GET"]}}],"collection":[{"href":"https:\/\/www.giurgiuveanul.ro\/stiri\/wp-json\/wp\/v2\/posts"}],"about":[{"href":"https:\/\/www.giurgiuveanul.ro\/stiri\/wp-json\/wp\/v2\/types\/post"}],"author":[{"embeddable":true,"href":"https:\/\/www.giurgiuveanul.ro\/stiri\/wp-json\/wp\/v2\/users\/1"}],"replies":[{"embeddable":true,"href":"https:\/\/www.giurgiuveanul.ro\/stiri\/wp-json\/wp\/v2\/comments?post=47978"}],"version-history":[{"count":0,"href":"https:\/\/www.giurgiuveanul.ro\/stiri\/wp-json\/wp\/v2\/posts\/47978\/revisions"}],"wp:attachment":[{"href":"https:\/\/www.giurgiuveanul.ro\/stiri\/wp-json\/wp\/v2\/media?parent=47978"}],"wp:term":[{"taxonomy":"category","embeddable":true,"href":"https:\/\/www.giurgiuveanul.ro\/stiri\/wp-json\/wp\/v2\/categories?post=47978"},{"taxonomy":"post_tag","embeddable":true,"href":"https:\/\/www.giurgiuveanul.ro\/stiri\/wp-json\/wp\/v2\/tags?post=47978"}],"curies":[{"name":"wp","href":"https:\/\/api.w.org\/{rel}","templated":true}]}}