{"id":47981,"date":"2017-12-15T19:08:52","date_gmt":"2017-12-15T17:08:52","guid":{"rendered":"https:\/\/www.giurgiuveanul.ro\/stiri\/?p=47981"},"modified":"2017-12-15T19:09:12","modified_gmt":"2017-12-15T17:09:12","slug":"ultima-ora-alerta-meteo-de-ninsori-lapovita-si-ploi-abundente","status":"publish","type":"post","link":"https:\/\/www.giurgiuveanul.ro\/stiri\/ultima-ora-alerta-meteo-de-ninsori-lapovita-si-ploi-abundente\/","title":{"rendered":"ULTIMA OR\u0102! Alert\u0103 meteo de ninsori, lapovi\u0163\u0103 \u015fi ploi abundente!"},"content":{"rendered":"<p style=\"text-align: justify;\"><a href=\"https:\/\/www.giurgiuveanul.ro\/stiri\/wp-content\/uploads\/2017\/12\/furtuna1.jpg\"><img loading=\"lazy\" decoding=\"async\" class=\"aligncenter size-large wp-image-47982\" src=\"https:\/\/www.giurgiuveanul.ro\/stiri\/wp-content\/uploads\/2017\/12\/furtuna1-560x373.jpg\" alt=\"furtuna1\" width=\"560\" height=\"373\" srcset=\"https:\/\/www.giurgiuveanul.ro\/stiri\/wp-content\/uploads\/2017\/12\/furtuna1-560x373.jpg 560w, https:\/\/www.giurgiuveanul.ro\/stiri\/wp-content\/uploads\/2017\/12\/furtuna1-250x166.jpg 250w, https:\/\/www.giurgiuveanul.ro\/stiri\/wp-content\/uploads\/2017\/12\/furtuna1-400x266.jpg 400w, https:\/\/www.giurgiuveanul.ro\/stiri\/wp-content\/uploads\/2017\/12\/furtuna1.jpg 670w\" sizes=\"auto, (max-width: 560px) 100vw, 560px\" \/><\/a><strong>Dac\u0103 <!--more-->p\u0103r\u0103si\u0163i Giurgiu, \u00een acest weekend, ave\u0163i grij\u0103! Administra\u0163ia Na\u0163ional\u0103 de Meteorologie (ANM) a emis, vineri, o aten\u0163ionare Cod galben de ploi \u00eensemnate cantitativ, intensific\u0103ri ale v\u00e2ntului \u015fi ninsori viscolite \u00een zona \u00eenalt\u0103 de munte, valabil\u0103 din aceast\u0103 sear\u0103 \u00een 15 jude\u0163e.<\/strong><\/p>\n<p style=\"text-align: justify;\">Conform prognozei, \u00een intervalul 15 decembrie, ora 18:00 &#8211; 16 decembrie, ora 14:00, aria ploilor se va extinde \u00een regiunile vestice, nord-vestice \u015fi par\u0163ial \u00een cele centrale, iar v\u00e2ntul va avea temporar intensific\u0103ri cu rafale de p\u00e2n\u0103 la 55 &#8211; 65 km\/h.<\/p>\n<p style=\"text-align: justify;\">Cantit\u0103\u0163ile de ap\u0103 vor dep\u0103\u015fi local 20 &#8211; 25 l\/mp \u015fi izolat 30 &#8211; 35 l\/mp \u00een Maramure\u015f, cea mai mare parte a Cri\u015fanei \u015fi a Carpa\u0163ilor Meridionali, \u00een nordul Carpa\u0163ilor Orientali \u015fi \u00een Mun\u0163ii Apuseni. \u00cen zona montan\u0103 \u00eenalt\u0103 va ninge, iar v\u00e2ntul va avea intensific\u0103ri cu rafale ce vor dep\u0103\u015fi 80 &#8211; 90 km\/h, viscolind ninsoarea \u015fi determin\u00e2nd sc\u0103derea vizibilit\u0103\u0163ii.<\/p>\n<p style=\"text-align: justify;\">Jude\u0163ele vizate de aten\u0163ionarea Cod galben sunt: Bihor, Satu Mare, Maramure\u015f, S\u0103laj, Cluj, Boto\u015fani, Cara\u015f-Severin, Hunedoara, Alba, Sibiu, Arge\u015f, D\u00e2mbovi\u0163a, V\u00e2lcea, Gorj \u015fi Mehedin\u0163i.<\/p>\n<p style=\"text-align: justify;\">Meteorologii precizeaz\u0103 c\u0103 intensific\u0103ri ale v\u00e2ntului se vor semnala \u015fi pe crestele din restul zonelor montane.<\/p>\n","protected":false},"excerpt":{"rendered":"<p>Dac\u0103<\/p>\n","protected":false},"author":1,"featured_media":0,"comment_status":"open","ping_status":"open","sticky":false,"template":"","format":"standard","meta":{"footnotes":""},"categories":[6],"tags":[],"class_list":["post-47981","post","type-post","status-publish","format-standard","hentry","category-breaking-news"],"_links":{"self":[{"href":"https:\/\/www.giurgiuveanul.ro\/stiri\/wp-json\/wp\/v2\/posts\/47981","targetHints":{"allow":["GET"]}}],"collection":[{"href":"https:\/\/www.giurgiuveanul.ro\/stiri\/wp-json\/wp\/v2\/posts"}],"about":[{"href":"https:\/\/www.giurgiuveanul.ro\/stiri\/wp-json\/wp\/v2\/types\/post"}],"author":[{"embeddable":true,"href":"https:\/\/www.giurgiuveanul.ro\/stiri\/wp-json\/wp\/v2\/users\/1"}],"replies":[{"embeddable":true,"href":"https:\/\/www.giurgiuveanul.ro\/stiri\/wp-json\/wp\/v2\/comments?post=47981"}],"version-history":[{"count":0,"href":"https:\/\/www.giurgiuveanul.ro\/stiri\/wp-json\/wp\/v2\/posts\/47981\/revisions"}],"wp:attachment":[{"href":"https:\/\/www.giurgiuveanul.ro\/stiri\/wp-json\/wp\/v2\/media?parent=47981"}],"wp:term":[{"taxonomy":"category","embeddable":true,"href":"https:\/\/www.giurgiuveanul.ro\/stiri\/wp-json\/wp\/v2\/categories?post=47981"},{"taxonomy":"post_tag","embeddable":true,"href":"https:\/\/www.giurgiuveanul.ro\/stiri\/wp-json\/wp\/v2\/tags?post=47981"}],"curies":[{"name":"wp","href":"https:\/\/api.w.org\/{rel}","templated":true}]}}