{"id":47985,"date":"2017-12-15T19:32:31","date_gmt":"2017-12-15T17:32:31","guid":{"rendered":"https:\/\/www.giurgiuveanul.ro\/stiri\/?p=47985"},"modified":"2017-12-15T19:32:31","modified_gmt":"2017-12-15T17:32:31","slug":"de-craciun-cu-tata-foto","status":"publish","type":"post","link":"https:\/\/www.giurgiuveanul.ro\/stiri\/de-craciun-cu-tata-foto\/","title":{"rendered":"\u201eDe Cr\u0103ciun cu tata\u201d! (FOTO)"},"content":{"rendered":"<p style=\"text-align: justify;\"><strong><a href=\"https:\/\/www.giurgiuveanul.ro\/stiri\/wp-content\/uploads\/2017\/12\/IMG_9814.jpg\"><img loading=\"lazy\" decoding=\"async\" class=\"aligncenter size-large wp-image-47986\" src=\"https:\/\/www.giurgiuveanul.ro\/stiri\/wp-content\/uploads\/2017\/12\/IMG_9814-484x450.jpg\" alt=\"IMG_9814\" width=\"484\" height=\"450\" srcset=\"https:\/\/www.giurgiuveanul.ro\/stiri\/wp-content\/uploads\/2017\/12\/IMG_9814-484x450.jpg 484w, https:\/\/www.giurgiuveanul.ro\/stiri\/wp-content\/uploads\/2017\/12\/IMG_9814-250x233.jpg 250w, https:\/\/www.giurgiuveanul.ro\/stiri\/wp-content\/uploads\/2017\/12\/IMG_9814-400x372.jpg 400w, https:\/\/www.giurgiuveanul.ro\/stiri\/wp-content\/uploads\/2017\/12\/IMG_9814.jpg 800w\" sizes=\"auto, (max-width: 484px) 100vw, 484px\" \/><\/a>C\u00e2\u021biva <!--more-->de\u0163inu\u0163i de la Penitenciarul Giurgiu au avut la dispozi\u0163ie c\u00e2teva ore pentru a fi al\u0103turi de copiii \u015fi so\u0163iile lor. Etapa \u201eDe Cr\u0103ciun cu tata\u201d, din cadrul proiectului \u201eO zi cu tata\u201d, le-a oferit \u015fansa de a-\u015fi relua rolul \u00een via\u0163a de familie.<\/strong><\/p>\n<p style=\"text-align: justify;\">Aceasta este o ini\u021biativa\u0306 a Asocia\u0163iei Ba\u0306rba\u0163ilor Cres\u0326tini s\u0326i a fost aplicat\u0103 \u00een parteneriat cu Penitenciarul de Maxim\u0103 Siguran\u0103 Giurgiu. Programul este acreditat de Administra\u0163ia Na\u0163ionala\u0306 a Penitenciarelor din Rom\u00e2nia \u0219i chiar mai mult, se bucur\u0103 at\u00e2t de aprecierea persoanelor private de libertate \u0219i familiile acestora dar \u0219i de cadrele din sistemul penitenciar fiind\u00a0considerat ca un \u201cexemplu de bun\u0103 practic\u0103.\u201c<\/p>\n<p style=\"text-align: justify;\">A\u015fadar, recent, Serviciul de Educa\u0163ie \u015fi Asisten\u0163\u0103 Psihosocial\u0103 din cadrul Penitenciarului Giurgiu a deruleaz\u0103, cu sprijinul Asocia\u0163iei \u201eB\u0103rba\u0163ilor Cre\u015ftini din Rom\u00e2nia\u201d, reprezentat\u0103 de Viorel Dumitru, pastorul Bisericii Baptiste din Giurgiu, programul \u201eDe Cr\u0103ciun cu tata\u201d, pentru reintegrarea social\u0103 a de\u0163inu\u0163ilor, prin promovarea valorilor cre\u015ftine \u015fi facilitarea apropierii rela\u0163iilor \u00een familie.<\/p>\n<p style=\"text-align: justify;\">C\u00e2\u0163iva de\u0163inu\u0163i au avut posibilitatea de a petrece clipe de neuitat cu familiile lor. Au \u00eempodobit bradul, au oferit cadouri copiilor \u015fi au participat la tradi\u0163ionala \u201epoman\u0103 a porcului\u201d.<\/p>\n<p style=\"text-align: justify;\"><a href=\"https:\/\/www.giurgiuveanul.ro\/stiri\/wp-content\/uploads\/2017\/12\/IMG_9816.jpg\"><img loading=\"lazy\" decoding=\"async\" class=\"aligncenter size-large wp-image-47988\" src=\"https:\/\/www.giurgiuveanul.ro\/stiri\/wp-content\/uploads\/2017\/12\/IMG_9816-460x450.jpg\" alt=\"IMG_9816\" width=\"460\" height=\"450\" srcset=\"https:\/\/www.giurgiuveanul.ro\/stiri\/wp-content\/uploads\/2017\/12\/IMG_9816-460x450.jpg 460w, https:\/\/www.giurgiuveanul.ro\/stiri\/wp-content\/uploads\/2017\/12\/IMG_9816-250x245.jpg 250w, https:\/\/www.giurgiuveanul.ro\/stiri\/wp-content\/uploads\/2017\/12\/IMG_9816-400x392.jpg 400w, https:\/\/www.giurgiuveanul.ro\/stiri\/wp-content\/uploads\/2017\/12\/IMG_9816.jpg 800w\" sizes=\"auto, (max-width: 460px) 100vw, 460px\" \/><\/a><\/p>\n<p style=\"text-align: justify;\"><a href=\"https:\/\/www.giurgiuveanul.ro\/stiri\/wp-content\/uploads\/2017\/12\/IMG_9877.jpg\"><img loading=\"lazy\" decoding=\"async\" class=\"aligncenter size-large wp-image-47990\" src=\"https:\/\/www.giurgiuveanul.ro\/stiri\/wp-content\/uploads\/2017\/12\/IMG_9877-459x450.jpg\" alt=\"IMG_9877\" width=\"459\" height=\"450\" srcset=\"https:\/\/www.giurgiuveanul.ro\/stiri\/wp-content\/uploads\/2017\/12\/IMG_9877-459x450.jpg 459w, https:\/\/www.giurgiuveanul.ro\/stiri\/wp-content\/uploads\/2017\/12\/IMG_9877-250x245.jpg 250w, https:\/\/www.giurgiuveanul.ro\/stiri\/wp-content\/uploads\/2017\/12\/IMG_9877-400x392.jpg 400w, https:\/\/www.giurgiuveanul.ro\/stiri\/wp-content\/uploads\/2017\/12\/IMG_9877.jpg 800w\" sizes=\"auto, (max-width: 459px) 100vw, 459px\" \/><\/a><\/p>\n<p style=\"text-align: justify;\"><a href=\"https:\/\/www.giurgiuveanul.ro\/stiri\/wp-content\/uploads\/2017\/12\/IMG_9799.jpg\"><img loading=\"lazy\" decoding=\"async\" class=\"aligncenter size-large wp-image-47987\" src=\"https:\/\/www.giurgiuveanul.ro\/stiri\/wp-content\/uploads\/2017\/12\/IMG_9799-560x430.jpg\" alt=\"IMG_9799\" width=\"560\" height=\"430\" srcset=\"https:\/\/www.giurgiuveanul.ro\/stiri\/wp-content\/uploads\/2017\/12\/IMG_9799-560x430.jpg 560w, https:\/\/www.giurgiuveanul.ro\/stiri\/wp-content\/uploads\/2017\/12\/IMG_9799-250x192.jpg 250w, https:\/\/www.giurgiuveanul.ro\/stiri\/wp-content\/uploads\/2017\/12\/IMG_9799-400x307.jpg 400w, https:\/\/www.giurgiuveanul.ro\/stiri\/wp-content\/uploads\/2017\/12\/IMG_9799.jpg 800w\" sizes=\"auto, (max-width: 560px) 100vw, 560px\" \/><\/a><\/p>\n<p style=\"text-align: justify;\">La ac\u0163iune au participat <strong>comisar Marius-Lucian Fulga<\/strong>, <em>directorul Penitenciarului Giurgiu<\/em>, <strong>subcomisar Alina Ionela Gheorghi\u015for<\/strong>, director adjunct\u00a0<em>Departamentul Educa\u021bie \u0219i Asisten\u021b\u0103 Social\u0103<\/em>,\u00a0\u00a0<strong>subcomisar-psiholog Ionu\u0163 Mog\u00eeldea<\/strong>, \u0219eful\u00a0<em>Serviciului de Educa\u0163ie \u015fi Asisten\u0163\u0103 Psihosocial\u0103<\/em>\u00a0de la Penitenciarul Giurgiu \u015fi\u00a0<strong>inspector C\u0103t\u0103lina Marina M\u0103lureanu<\/strong>,\u00a0<em>Serviciul de Educa\u0163ie \u015fi Asisten\u0163\u0103 Psihosocial\u0103<\/em>.<\/p>\n","protected":false},"excerpt":{"rendered":"<p>C\u00e2\u021biva<\/p>\n","protected":false},"author":1,"featured_media":0,"comment_status":"open","ping_status":"open","sticky":false,"template":"","format":"standard","meta":{"footnotes":""},"categories":[6],"tags":[],"class_list":["post-47985","post","type-post","status-publish","format-standard","hentry","category-breaking-news"],"_links":{"self":[{"href":"https:\/\/www.giurgiuveanul.ro\/stiri\/wp-json\/wp\/v2\/posts\/47985","targetHints":{"allow":["GET"]}}],"collection":[{"href":"https:\/\/www.giurgiuveanul.ro\/stiri\/wp-json\/wp\/v2\/posts"}],"about":[{"href":"https:\/\/www.giurgiuveanul.ro\/stiri\/wp-json\/wp\/v2\/types\/post"}],"author":[{"embeddable":true,"href":"https:\/\/www.giurgiuveanul.ro\/stiri\/wp-json\/wp\/v2\/users\/1"}],"replies":[{"embeddable":true,"href":"https:\/\/www.giurgiuveanul.ro\/stiri\/wp-json\/wp\/v2\/comments?post=47985"}],"version-history":[{"count":0,"href":"https:\/\/www.giurgiuveanul.ro\/stiri\/wp-json\/wp\/v2\/posts\/47985\/revisions"}],"wp:attachment":[{"href":"https:\/\/www.giurgiuveanul.ro\/stiri\/wp-json\/wp\/v2\/media?parent=47985"}],"wp:term":[{"taxonomy":"category","embeddable":true,"href":"https:\/\/www.giurgiuveanul.ro\/stiri\/wp-json\/wp\/v2\/categories?post=47985"},{"taxonomy":"post_tag","embeddable":true,"href":"https:\/\/www.giurgiuveanul.ro\/stiri\/wp-json\/wp\/v2\/tags?post=47985"}],"curies":[{"name":"wp","href":"https:\/\/api.w.org\/{rel}","templated":true}]}}