{"id":47999,"date":"2017-12-16T12:12:14","date_gmt":"2017-12-16T10:12:14","guid":{"rendered":"https:\/\/www.giurgiuveanul.ro\/stiri\/?p=47999"},"modified":"2017-12-16T12:12:14","modified_gmt":"2017-12-16T10:12:14","slug":"sic-volo","status":"publish","type":"post","link":"https:\/\/www.giurgiuveanul.ro\/stiri\/sic-volo\/","title":{"rendered":"SIC VOLO"},"content":{"rendered":"<p style=\"text-align: justify;\"><a href=\"https:\/\/www.giurgiuveanul.ro\/stiri\/wp-content\/uploads\/2017\/12\/17583-1920x1200.jpg\"><img loading=\"lazy\" decoding=\"async\" class=\"aligncenter size-large wp-image-48000\" src=\"https:\/\/www.giurgiuveanul.ro\/stiri\/wp-content\/uploads\/2017\/12\/17583-1920x1200-451x450.jpg\" alt=\"17583-1920x1200\" width=\"451\" height=\"450\" srcset=\"https:\/\/www.giurgiuveanul.ro\/stiri\/wp-content\/uploads\/2017\/12\/17583-1920x1200-451x450.jpg 451w, https:\/\/www.giurgiuveanul.ro\/stiri\/wp-content\/uploads\/2017\/12\/17583-1920x1200-250x249.jpg 250w, https:\/\/www.giurgiuveanul.ro\/stiri\/wp-content\/uploads\/2017\/12\/17583-1920x1200-200x200.jpg 200w, https:\/\/www.giurgiuveanul.ro\/stiri\/wp-content\/uploads\/2017\/12\/17583-1920x1200-400x399.jpg 400w, https:\/\/www.giurgiuveanul.ro\/stiri\/wp-content\/uploads\/2017\/12\/17583-1920x1200.jpg 1003w\" sizes=\"auto, (max-width: 451px) 100vw, 451px\" \/><\/a>C\u00e2nd medicul <!--more-->\u00een prescrierea pe care o face pe o re\u0163et\u0103 scrie <strong><em>sic volo, <\/em><\/strong>atrage aten\u0163ia farmacistului asupra a dou\u0103 lucruri \u015fi anume<strong><em>:<\/em><\/strong>\u00een posologia indicat\u0103 nu sunt respectate, cu bun\u0103 \u015ftiin\u0163\u0103, datele din farmacopee \u015fi, \u00een al doilea r\u00e2nd, precizeaz\u0103 <em>a\u015fa vreau!<\/em><\/p>\n<p style=\"text-align: justify;\">Deun\u0103zi, un prieten foarte bun, c\u0103ruia \u00eei trimisesem\u00a0 lista unor invita\u0163ii pe care urma s\u0103 le primeasc\u0103 anumite personalit\u0103\u0163i pentru data de 15 ianuarie 2018 de a participa la o manifestare cultural\u0103 dedicat\u0103 marelui poet, pe un ton de dojan\u0103 ascuns\u0103, corect\u0103 , dar care nu ar fi vrut s\u0103 vin\u0103 de la el, \u00eemi atrage aten\u0163ia c\u0103 s-a strecurat o eroare, o sc\u0103pare de scriere, probabil, \u015fi anume c\u0103, \u00een loc de\u00a0 MARII Uniri, am scris MAREI UNIRI!<\/p>\n<p style=\"text-align: justify;\">Nu \u015ftiam c\u0103 a\u015fa este \u015fi nici nu-mi explicam cum de s-a strecurat o asemenea abatere de la norma de scriere corect\u0103\u00a0 a formelor G.D- ivului.<\/p>\n<p style=\"text-align: justify;\">Am \u00eencercat s\u0103-mi explic:<\/p>\n<p style=\"text-align: justify;\">Prin asociere cu CLAREI SITUA\u0162II, RAREI OCAZII, DUREI PREVEDERI, mi s-a p\u0103rut c\u0103 sun\u0103 mai bine MAREI UNIRI.<\/p>\n<p style=\"text-align: justify;\">Atributul adjectival MARE r\u0103m\u00e2nea \u00eentreg \u015fi suna mai plin, mai aproape de MAREA UNIRE, de \u00a0UNIREA cea MARE.<\/p>\n<p style=\"text-align: justify;\">Cum textul nu era unul literar, nu poate fi o licen\u0163\u0103 poetic\u0103, precum \u00een cazul impersonalului TREBUIA, care \u00een poezia lui Marin Sorescu apare cu forma <em>TREBUIAU s\u0103 poarte un nume<\/em>..<\/p>\n<p style=\"text-align: justify;\">Nu este nici cazul folosirii de c\u0103tre Eminescu \u00een sintagma HRISTOS A \u00ceNVIAT a pluralului AU \u00ceNVIAT, \u00een \u00eencheierea articolului PA\u015eTELE din 1878. Speciali\u015ftii \u00een istoria limbii vorbesc despre o form\u0103 de exprimare \u00een epoc\u0103, al\u0163ii vorbesc despre o eroare de scriere, de\u015fi cred c\u0103 nu este vorba nici de una, nici de alta, ci de inten\u0163ia lui Eminescu de a spune c\u0103 Isus a fost \u00eenviat \u00een sau prin\u00a0 credin\u0163a oamenilor, ceea ce metaforic este perfect posibil! Tot Emnescu, \u00eentr-un vers memorabil, spunea: <em>Credin\u0163a zugr\u0103ve\u015fte icoanele-n biserici.<\/em><\/p>\n<p style=\"text-align: justify;\">Cu aceste zise, sunt tentat s\u0103 r\u0103spund amicului meu V.M.:<\/p>\n<p style=\"text-align: justify;\">-SIC VOLO!<\/p>\n<p style=\"text-align: justify;\">Gh.C.Br.<\/p>\n<p style=\"text-align: justify;\"><em>P.S. \u00cen aceste zile triste, c\u00e2nd poporul rom\u00e2n tr\u0103ie\u015fte un moment istoric prin moartea ultimului MONARH al Rom\u00e2niei, REGELE MIHAI I, multe lucruri m-au impresionat p\u00e2n\u0103 la lacrimi. Unul \u00eens\u0103, \u00een mod deosebit: un profesor de istorie care pl\u00e2ngea! Pl\u00e2ngea pentru c\u0103, o via\u0163\u0103 \u00eentreag\u0103, a fost nevoit s\u0103 mint\u0103 elevii! M-am g\u00e2ndit la distinsul meu profesor de istorie Nicolae Miclescu. De-ar mai fi tr\u0103it \u015fi acum, sigur \u015fi profesorul meu ar fi pl\u00e2ns!\u00a0<\/em><\/p>\n","protected":false},"excerpt":{"rendered":"<p>C\u00e2nd medicul<\/p>\n","protected":false},"author":1,"featured_media":0,"comment_status":"open","ping_status":"open","sticky":false,"template":"","format":"standard","meta":{"footnotes":""},"categories":[21],"tags":[],"class_list":["post-47999","post","type-post","status-publish","format-standard","hentry","category-opinia-mea"],"_links":{"self":[{"href":"https:\/\/www.giurgiuveanul.ro\/stiri\/wp-json\/wp\/v2\/posts\/47999","targetHints":{"allow":["GET"]}}],"collection":[{"href":"https:\/\/www.giurgiuveanul.ro\/stiri\/wp-json\/wp\/v2\/posts"}],"about":[{"href":"https:\/\/www.giurgiuveanul.ro\/stiri\/wp-json\/wp\/v2\/types\/post"}],"author":[{"embeddable":true,"href":"https:\/\/www.giurgiuveanul.ro\/stiri\/wp-json\/wp\/v2\/users\/1"}],"replies":[{"embeddable":true,"href":"https:\/\/www.giurgiuveanul.ro\/stiri\/wp-json\/wp\/v2\/comments?post=47999"}],"version-history":[{"count":0,"href":"https:\/\/www.giurgiuveanul.ro\/stiri\/wp-json\/wp\/v2\/posts\/47999\/revisions"}],"wp:attachment":[{"href":"https:\/\/www.giurgiuveanul.ro\/stiri\/wp-json\/wp\/v2\/media?parent=47999"}],"wp:term":[{"taxonomy":"category","embeddable":true,"href":"https:\/\/www.giurgiuveanul.ro\/stiri\/wp-json\/wp\/v2\/categories?post=47999"},{"taxonomy":"post_tag","embeddable":true,"href":"https:\/\/www.giurgiuveanul.ro\/stiri\/wp-json\/wp\/v2\/tags?post=47999"}],"curies":[{"name":"wp","href":"https:\/\/api.w.org\/{rel}","templated":true}]}}