{"id":48565,"date":"2018-01-02T10:46:20","date_gmt":"2018-01-02T08:46:20","guid":{"rendered":"https:\/\/www.giurgiuveanul.ro\/stiri\/?p=48565"},"modified":"2018-01-02T13:09:22","modified_gmt":"2018-01-02T11:09:22","slug":"gand-pentru-noul-an","status":"publish","type":"post","link":"https:\/\/www.giurgiuveanul.ro\/stiri\/gand-pentru-noul-an\/","title":{"rendered":"G\u00c2ND PENTRU NOUL AN&#8230;"},"content":{"rendered":"<p style=\"text-align: center;\"><strong>\u00a0 \u00a0 \u00a0 \u00a0 \u00a0\u00a0<a href=\"https:\/\/www.giurgiuveanul.ro\/stiri\/wp-content\/uploads\/2018\/01\/fullscreen-capture-23-aug-17-112634-am.bmp_tb900.jpg\"><img loading=\"lazy\" decoding=\"async\" class=\"aligncenter size-large wp-image-48569\" src=\"https:\/\/www.giurgiuveanul.ro\/stiri\/wp-content\/uploads\/2018\/01\/fullscreen-capture-23-aug-17-112634-am.bmp_tb900-560x347.jpg\" alt=\"fullscreen-capture-23-aug-17-112634-am.bmp_tb900\" width=\"560\" height=\"347\" srcset=\"https:\/\/www.giurgiuveanul.ro\/stiri\/wp-content\/uploads\/2018\/01\/fullscreen-capture-23-aug-17-112634-am.bmp_tb900-560x347.jpg 560w, https:\/\/www.giurgiuveanul.ro\/stiri\/wp-content\/uploads\/2018\/01\/fullscreen-capture-23-aug-17-112634-am.bmp_tb900-250x155.jpg 250w, https:\/\/www.giurgiuveanul.ro\/stiri\/wp-content\/uploads\/2018\/01\/fullscreen-capture-23-aug-17-112634-am.bmp_tb900-400x248.jpg 400w, https:\/\/www.giurgiuveanul.ro\/stiri\/wp-content\/uploads\/2018\/01\/fullscreen-capture-23-aug-17-112634-am.bmp_tb900.jpg 900w\" sizes=\"auto, (max-width: 560px) 100vw, 560px\" \/><\/a>RE\u00ceNTREGIREA<a href=\"#_ftn1\" name=\"_ftnref1\">[1]<\/a> <em>este vis de \u00eemplinit \u015fi nu o vrem \u00een daR<\/em><\/strong><!--more--><\/p>\n<p style=\"text-align: center;\"><strong><em>\u00a0\u00a0\u00a0\u00a0\u00a0\u00a0\u00a0\u00a0\u00a0\u00a0\u00a0\u00a0\u00a0 Este\u00a0 din secolele\u00a0 trecute\u00a0 o trist\u0103 \u015fi nedreapt\u0103\u00a0 povestE<\/em><\/strong><\/p>\n<p style=\"text-align: center;\"><strong><em>\u00a0\u00a0\u00a0\u00a0\u00a0\u00a0\u00a0\u00a0\u00a0\u00a0 \u00cenv\u0103\u0163a\u0163i copiii\u00a0 s\u0103\u00a0 rosteasc\u0103 cu\u00a0 m\u00e2ndrie\u00a0 numele\u00a0\u00a0 \u0163\u0103riI<br \/>\nNumele\u00a0 \u0163\u0103rii\u00a0 s\u0103\u00a0 ne\u00a0 fie la to\u0163i cel mai\u00a0 de pre\u0163 talismaN<br \/>\nTrianonul a recunoscut\u00a0 ceea ce de drept ni s-a cuveniT<br \/>\nRom\u00e2nia nu\u00a0 a cer\u015fit,\u00a0 nu a tocmit p\u0103m\u00e2ntul\u00a0 \u0163\u0103rii la baR<br \/>\nEste\u00a0 ceea ce\u00a0 str\u0103m\u0103\u015fii\u00a0 ne-au l\u0103sat \u2013 o &#8211; n istorie zestrE<br \/>\nGloria\u00a0 se\u00a0 scrie\u00a0 cu fapte , cu\u00a0 d\u0103ruire,\u00a0 speran\u0163\u0103\u00a0 \u015fi\u00a0 s\u00e2rG<br \/>\nIubirea de glie legitimeaz\u0103 \u00een c\u0103r\u0163i de istorie figuri de eroI<br \/>\nRom\u00e2nia a f\u0103cut din speran\u0163\u0103\u00a0 credin\u0163a curat\u0103\u00a0 \u00een adev\u0103R<br \/>\nEste\u00a0 pentru\u00a0 \u00een\u0163elep\u0163i\u00a0 poate\u00a0 cea mai\u00a0 frumoas\u0103 povestE<\/em><\/strong><\/p>\n<p style=\"text-align: center;\"><strong><em>\u00a0\u00a0\u00a0\u00a0\u00a0\u00a0\u00a0\u00a0\u00a0\u00a0\u00a0\u00a0\u00a0\u00a0\u00a0\u00a0\u00a0\u00a0\u00a0\u00a0 Avem o datorie:unirea s-a f\u0103cut, acum<\/em><\/strong> &#8230; <strong>RE\u00ceNTREGIREA<\/strong><\/p>\n<p style=\"text-align: center;\"><strong>Gh.C.<\/strong><\/p>\n<p style=\"text-align: center;\"><strong>Argumente<\/strong> <strong>g\u0103sim \u00een istoria anilor 1812, 1859, 1877, 1878, 1918, 27 martie \u015fi 28 noiembrie, 1919,1920, 1940, 1941, 1944<\/strong><\/p>\n<p style=\"text-align: center;\"><a href=\"#_ftnref1\" name=\"_ftn1\"><em><strong>[1]<\/strong><\/em><\/a> <em>Este timpul s\u0103 vorbim despre RE\u00ceNTREGIRE. UNIREA au f\u0103cut-o \u00eenainta\u015fii nostri<\/em><em>.<\/em><em><span style=\"text-decoration: underline;\"> Chestiunea Basarabiei<\/span><\/em><em>, care poate fi pentru Rusia o cestiune de onoare militar\u0103,(&#8230;) <span style=\"text-decoration: underline;\">este pentru<\/span> noi nu numai o <span style=\"text-decoration: underline;\">chestiune <\/span>de onoare, ci una <span style=\"text-decoration: underline;\">de existen\u0163\u0103<\/span>. Mihai Eminescu<\/em><\/p>\n","protected":false},"excerpt":{"rendered":"<p>\u00a0 \u00a0 \u00a0 \u00a0 \u00a0\u00a0RE\u00ceNTREGIREA[1] este vis de \u00eemplinit \u015fi nu o vrem \u00een daR<\/p>\n","protected":false},"author":1,"featured_media":0,"comment_status":"open","ping_status":"open","sticky":false,"template":"","format":"standard","meta":{"footnotes":""},"categories":[21],"tags":[],"class_list":["post-48565","post","type-post","status-publish","format-standard","hentry","category-opinia-mea"],"_links":{"self":[{"href":"https:\/\/www.giurgiuveanul.ro\/stiri\/wp-json\/wp\/v2\/posts\/48565","targetHints":{"allow":["GET"]}}],"collection":[{"href":"https:\/\/www.giurgiuveanul.ro\/stiri\/wp-json\/wp\/v2\/posts"}],"about":[{"href":"https:\/\/www.giurgiuveanul.ro\/stiri\/wp-json\/wp\/v2\/types\/post"}],"author":[{"embeddable":true,"href":"https:\/\/www.giurgiuveanul.ro\/stiri\/wp-json\/wp\/v2\/users\/1"}],"replies":[{"embeddable":true,"href":"https:\/\/www.giurgiuveanul.ro\/stiri\/wp-json\/wp\/v2\/comments?post=48565"}],"version-history":[{"count":0,"href":"https:\/\/www.giurgiuveanul.ro\/stiri\/wp-json\/wp\/v2\/posts\/48565\/revisions"}],"wp:attachment":[{"href":"https:\/\/www.giurgiuveanul.ro\/stiri\/wp-json\/wp\/v2\/media?parent=48565"}],"wp:term":[{"taxonomy":"category","embeddable":true,"href":"https:\/\/www.giurgiuveanul.ro\/stiri\/wp-json\/wp\/v2\/categories?post=48565"},{"taxonomy":"post_tag","embeddable":true,"href":"https:\/\/www.giurgiuveanul.ro\/stiri\/wp-json\/wp\/v2\/tags?post=48565"}],"curies":[{"name":"wp","href":"https:\/\/api.w.org\/{rel}","templated":true}]}}