{"id":48577,"date":"2018-01-02T14:21:11","date_gmt":"2018-01-02T12:21:11","guid":{"rendered":"https:\/\/www.giurgiuveanul.ro\/stiri\/?p=48577"},"modified":"2018-01-02T14:41:37","modified_gmt":"2018-01-02T12:41:37","slug":"la-multi-ani-domnule-deputat-alexandru-andrei","status":"publish","type":"post","link":"https:\/\/www.giurgiuveanul.ro\/stiri\/la-multi-ani-domnule-deputat-alexandru-andrei\/","title":{"rendered":"La Mul\u0163i Ani, domnule deputat Alexandru Andrei!"},"content":{"rendered":"<p style=\"text-align: justify;\"><a href=\"https:\/\/www.giurgiuveanul.ro\/stiri\/wp-content\/uploads\/2017\/12\/14900603_1006759232803201_3738051685254407089_n.jpg\"><img loading=\"lazy\" decoding=\"async\" class=\"aligncenter size-large wp-image-48346\" src=\"https:\/\/www.giurgiuveanul.ro\/stiri\/wp-content\/uploads\/2017\/12\/14900603_1006759232803201_3738051685254407089_n-454x450.jpg\" alt=\"14900603_1006759232803201_3738051685254407089_n\" width=\"454\" height=\"450\" srcset=\"https:\/\/www.giurgiuveanul.ro\/stiri\/wp-content\/uploads\/2017\/12\/14900603_1006759232803201_3738051685254407089_n-454x450.jpg 454w, https:\/\/www.giurgiuveanul.ro\/stiri\/wp-content\/uploads\/2017\/12\/14900603_1006759232803201_3738051685254407089_n-250x248.jpg 250w, https:\/\/www.giurgiuveanul.ro\/stiri\/wp-content\/uploads\/2017\/12\/14900603_1006759232803201_3738051685254407089_n-400x397.jpg 400w, https:\/\/www.giurgiuveanul.ro\/stiri\/wp-content\/uploads\/2017\/12\/14900603_1006759232803201_3738051685254407089_n.jpg 960w\" sizes=\"auto, (max-width: 454px) 100vw, 454px\" \/><\/a>Este unul dintre cei <!--more-->mai tineri parlamentari din \u0163ar\u0103 \u015fi ast\u0103zi \u00eempline\u015fte 33 de ani. \u00cei dorim s\u0103 aib\u0103 parte de c\u00e2t mai multe succese profesionale care s\u0103 se reflecte \u00een schimb\u0103ri bune pentru via\u0163a rom\u00e2nilor, a giurgiuvenilor \u00een mod deosebit, mult\u0103 s\u0103n\u0103tate, \u00een\u0163elepciune \u015fi putere de munc\u0103!<\/p>\n<p style=\"text-align: justify;\">Al\u0103turi de frumoasa dvs. familie, v\u0103 dorim \u201dLa mul\u021bi ani!\u201d, lini\u015fte, fericire, ani buni cu s\u0103n\u0103tate \u0219i s\u0103 v\u0103 dea Dumnezeu putere s\u0103 continua\u021bi s\u0103 face\u021bi bine jude\u021bului Giurgiu \u0219i \u00eentregii \u021b\u0103ri!<\/p>\n<p><em>La Mul\u0163i Ani, domnule deputat Alexandru Andrei!<\/em><\/p>\n","protected":false},"excerpt":{"rendered":"<p>Este unul dintre cei<\/p>\n","protected":false},"author":1,"featured_media":0,"comment_status":"open","ping_status":"open","sticky":false,"template":"","format":"standard","meta":{"footnotes":""},"categories":[16],"tags":[],"class_list":["post-48577","post","type-post","status-publish","format-standard","hentry","category-astazi-e-ziua-ta"],"_links":{"self":[{"href":"https:\/\/www.giurgiuveanul.ro\/stiri\/wp-json\/wp\/v2\/posts\/48577","targetHints":{"allow":["GET"]}}],"collection":[{"href":"https:\/\/www.giurgiuveanul.ro\/stiri\/wp-json\/wp\/v2\/posts"}],"about":[{"href":"https:\/\/www.giurgiuveanul.ro\/stiri\/wp-json\/wp\/v2\/types\/post"}],"author":[{"embeddable":true,"href":"https:\/\/www.giurgiuveanul.ro\/stiri\/wp-json\/wp\/v2\/users\/1"}],"replies":[{"embeddable":true,"href":"https:\/\/www.giurgiuveanul.ro\/stiri\/wp-json\/wp\/v2\/comments?post=48577"}],"version-history":[{"count":0,"href":"https:\/\/www.giurgiuveanul.ro\/stiri\/wp-json\/wp\/v2\/posts\/48577\/revisions"}],"wp:attachment":[{"href":"https:\/\/www.giurgiuveanul.ro\/stiri\/wp-json\/wp\/v2\/media?parent=48577"}],"wp:term":[{"taxonomy":"category","embeddable":true,"href":"https:\/\/www.giurgiuveanul.ro\/stiri\/wp-json\/wp\/v2\/categories?post=48577"},{"taxonomy":"post_tag","embeddable":true,"href":"https:\/\/www.giurgiuveanul.ro\/stiri\/wp-json\/wp\/v2\/tags?post=48577"}],"curies":[{"name":"wp","href":"https:\/\/api.w.org\/{rel}","templated":true}]}}