{"id":48620,"date":"2018-01-04T09:15:01","date_gmt":"2018-01-04T07:15:01","guid":{"rendered":"https:\/\/www.giurgiuveanul.ro\/stiri\/?p=48620"},"modified":"2018-01-04T09:15:01","modified_gmt":"2018-01-04T07:15:01","slug":"presedintele-consiliului-judetean-giurgiu-isi-sarbatoreste-astazi-ziua-de-nastere-la-multi-ani-domnule-marian-mina","status":"publish","type":"post","link":"https:\/\/www.giurgiuveanul.ro\/stiri\/presedintele-consiliului-judetean-giurgiu-isi-sarbatoreste-astazi-ziua-de-nastere-la-multi-ani-domnule-marian-mina\/","title":{"rendered":"Pre\u015fedintele Consiliului Jude\u0163ean Giurgiu \u00ee\u0219i s\u0103rb\u0103tore\u0219te ast\u0103zi ziua de na\u0219tere. La Mul\u0163i Ani, domnule Marian Mina!"},"content":{"rendered":"<p style=\"text-align: justify;\"><strong><a href=\"https:\/\/www.giurgiuveanul.ro\/stiri\/wp-content\/uploads\/2018\/01\/IMG_2895-Copie.jpg\"><img loading=\"lazy\" decoding=\"async\" class=\"aligncenter size-large wp-image-48621\" src=\"https:\/\/www.giurgiuveanul.ro\/stiri\/wp-content\/uploads\/2018\/01\/IMG_2895-Copie-476x450.jpg\" alt=\"IMG_2895 - Copie\" width=\"476\" height=\"450\" srcset=\"https:\/\/www.giurgiuveanul.ro\/stiri\/wp-content\/uploads\/2018\/01\/IMG_2895-Copie-476x450.jpg 476w, https:\/\/www.giurgiuveanul.ro\/stiri\/wp-content\/uploads\/2018\/01\/IMG_2895-Copie-250x236.jpg 250w, https:\/\/www.giurgiuveanul.ro\/stiri\/wp-content\/uploads\/2018\/01\/IMG_2895-Copie-400x378.jpg 400w, https:\/\/www.giurgiuveanul.ro\/stiri\/wp-content\/uploads\/2018\/01\/IMG_2895-Copie.jpg 900w\" sizes=\"auto, (max-width: 476px) 100vw, 476px\" \/><\/a>Zi important\u0103 ast\u0103zi pentru pre\u015fedintele Consiliului Jude\u0163ean Giurgiu. Marian Mina \u00eempline\u0219te ast\u0103zi<!--more--> o frumoas\u0103 v\u00e2rst\u0103. Cu siguran\u021b\u0103, Consiliul Jude\u0163ean Giurgiu va fi luat cu asalt de cei care se vor gr\u0103bi s\u0103 \u00eei ureze La Mul\u021bi Ani! Pe aceast\u0103 cale, \u201eGiurgiuveanul\u201d \u00eei ureaz\u0103 un sincer La Mul\u0163i Ani \u0219i succes \u00een carier\u0103, domnului pre\u015fedinte Marian Mina!<\/strong><\/p>\n<p style=\"text-align: justify;\">Calde ur\u0103ri aniversare, \u00een zi de na\u015ftere, domnului Marian Mina, pre\u015fedintele Consiliului Jude\u0163ean Giurgiu.<\/p>\n<p style=\"text-align: justify;\">Prin prisma rezultatelor activit\u0103\u0163ii sale, Marian Mina este considerat de c\u0103tre giurgiuveni unul dintre cei mai buni pre\u015fedin\u0163i de Consiliu Jude\u0163ean pe care l-a avut jude\u0163ul nostru de la Revolu\u0163ie \u00eencoace.<\/p>\n<p style=\"text-align: justify;\">\u00cei dorim domnului pre\u015fedinte mult\u0103 s\u0103n\u0103tate, al\u0103turi de familie, s\u0103 conduc\u0103 Giurgiu c\u00e2t mai bine, s\u0103-l transforme \u00eentr-un jude\u0163 modern, european, \u00een care s\u0103-\u0163i plac\u0103 s\u0103 tr\u0103ie\u015fti, iar Bunul Dumnezeu s\u0103 v\u0103 ajute pentru tot ce vre\u0163i s\u0103 realiza\u0163i pentru jude\u0163ul Giurgiu!<\/p>\n<p style=\"text-align: center;\"><em>La Mul\u0163i Ani, domnule pre\u015fedinte Marian Mina!<\/em><\/p>\n","protected":false},"excerpt":{"rendered":"<p>Zi important\u0103 ast\u0103zi pentru pre\u015fedintele Consiliului Jude\u0163ean Giurgiu. Marian Mina \u00eempline\u0219te ast\u0103zi<\/p>\n","protected":false},"author":1,"featured_media":0,"comment_status":"open","ping_status":"open","sticky":false,"template":"","format":"standard","meta":{"footnotes":""},"categories":[16],"tags":[],"class_list":["post-48620","post","type-post","status-publish","format-standard","hentry","category-astazi-e-ziua-ta"],"_links":{"self":[{"href":"https:\/\/www.giurgiuveanul.ro\/stiri\/wp-json\/wp\/v2\/posts\/48620","targetHints":{"allow":["GET"]}}],"collection":[{"href":"https:\/\/www.giurgiuveanul.ro\/stiri\/wp-json\/wp\/v2\/posts"}],"about":[{"href":"https:\/\/www.giurgiuveanul.ro\/stiri\/wp-json\/wp\/v2\/types\/post"}],"author":[{"embeddable":true,"href":"https:\/\/www.giurgiuveanul.ro\/stiri\/wp-json\/wp\/v2\/users\/1"}],"replies":[{"embeddable":true,"href":"https:\/\/www.giurgiuveanul.ro\/stiri\/wp-json\/wp\/v2\/comments?post=48620"}],"version-history":[{"count":0,"href":"https:\/\/www.giurgiuveanul.ro\/stiri\/wp-json\/wp\/v2\/posts\/48620\/revisions"}],"wp:attachment":[{"href":"https:\/\/www.giurgiuveanul.ro\/stiri\/wp-json\/wp\/v2\/media?parent=48620"}],"wp:term":[{"taxonomy":"category","embeddable":true,"href":"https:\/\/www.giurgiuveanul.ro\/stiri\/wp-json\/wp\/v2\/categories?post=48620"},{"taxonomy":"post_tag","embeddable":true,"href":"https:\/\/www.giurgiuveanul.ro\/stiri\/wp-json\/wp\/v2\/tags?post=48620"}],"curies":[{"name":"wp","href":"https:\/\/api.w.org\/{rel}","templated":true}]}}