{"id":48684,"date":"2018-01-06T09:11:33","date_gmt":"2018-01-06T07:11:33","guid":{"rendered":"https:\/\/www.giurgiuveanul.ro\/stiri\/?p=48684"},"modified":"2018-01-06T09:11:33","modified_gmt":"2018-01-06T07:11:33","slug":"sarbatoarea-bobotezei-astazi-la-giurgiu-vezi-programul-manifestarilor-aici","status":"publish","type":"post","link":"https:\/\/www.giurgiuveanul.ro\/stiri\/sarbatoarea-bobotezei-astazi-la-giurgiu-vezi-programul-manifestarilor-aici\/","title":{"rendered":"S\u0103rb\u0103toarea Bobotezei, ast\u0103zi, la Giurgiu! VEZI programul manifest\u0103rilor AICI"},"content":{"rendered":"<p style=\"text-align: justify;\" align=\"center\"><a href=\"https:\/\/www.giurgiuveanul.ro\/stiri\/wp-content\/uploads\/2018\/01\/Procesiune-de-Boboteaza.jpg\"><img loading=\"lazy\" decoding=\"async\" class=\"aligncenter size-large wp-image-48685\" src=\"https:\/\/www.giurgiuveanul.ro\/stiri\/wp-content\/uploads\/2018\/01\/Procesiune-de-Boboteaza-560x294.jpg\" alt=\"Procesiune-de-Boboteaza\" width=\"560\" height=\"294\" srcset=\"https:\/\/www.giurgiuveanul.ro\/stiri\/wp-content\/uploads\/2018\/01\/Procesiune-de-Boboteaza-560x294.jpg 560w, https:\/\/www.giurgiuveanul.ro\/stiri\/wp-content\/uploads\/2018\/01\/Procesiune-de-Boboteaza-250x131.jpg 250w, https:\/\/www.giurgiuveanul.ro\/stiri\/wp-content\/uploads\/2018\/01\/Procesiune-de-Boboteaza-400x210.jpg 400w, https:\/\/www.giurgiuveanul.ro\/stiri\/wp-content\/uploads\/2018\/01\/Procesiune-de-Boboteaza.jpg 800w\" sizes=\"auto, (max-width: 560px) 100vw, 560px\" \/><\/a>A devenit o frumoas\u0103 tradi\u0163ie la Giurgiu, ca <!--more-->\u00een fiecare an, la praznicul Botezului Domnului, preo\u0163ii \u015fi credincio\u015fii din municipiu, \u00een frunte cu Preasfin\u0163itul P\u0103rinte Ambrozie, Episcopul Giurgiului, s\u0103 mearg\u0103 \u00eentr-o procesiune solemn\u0103 spre\u00a0<span id=\"more-10394\"><\/span>Canalul Cama.<\/p>\n<p style=\"text-align: justify;\">\u00cen ziua pr\u0103znuirii Botezului Domnului, pe 6 ianuarie 2018, \u00een municipiul Giurgiu, cu binecuv\u00e2ntarea Preasfin\u0163itului P\u0103rinte Ambrozie, Episcopul Giurgiului, va fi organizat\u0103 o procesiune cu acest prilej.<\/p>\n<p style=\"text-align: center;\"><strong>PROGRAMUL MANIFEST\u0102RILOR DEDICATE ZILEI DE BOBOTEAZ\u0102<\/strong><\/p>\n<p style=\"text-align: center;\"><strong>\u00a0\u2013 6 IANUARIE 2018 \u2013<\/strong><\/p>\n<p>&nbsp;<\/p>\n<p>LOCUL DESF\u0102\u0218UR\u0102RII ACTIVIT\u0102\u021aILOR:<\/p>\n<ol>\n<li>Catedrala Adormirea Maicii Domnului<\/li>\n<li>Canalul Cama<\/li>\n<\/ol>\n<p>&nbsp;<\/p>\n<p>9.00 &#8211; 12.30 \u2013 Sf\u00e2nta Liturghie \u2013 Catedrala Adormirea Maicii Domnului<\/p>\n<p>12.30 &#8211; 13.00 \u2013 Deplasarea soborului de preo\u021bi \u0219i a enoria\u0219ilor la Canalul Cama pe aleea pietonala Mircea cel B\u0103tr\u00e2n, \u00eenso\u021bi\u021bi de fanfara Centrului Cultural \u201eIon Vinea\u201d<\/p>\n<p>13.00 &#8211; 13.30 \u2013 Sfin\u021birea apei din Canalul Cama<\/p>\n<p>13.30 &#8211; 13.40 \u2013 Aruncarea Crucii Sfin\u021bite \u00een ap\u0103, recuperarea \u0219i returnarea acesteia<\/p>\n<p>13.40 &#8211; 13.50 \u2013 Premierea c\u00e2\u0219tig\u0103torului de c\u0103tre dl. Primar Nicolae Barbu.<\/p>\n<p>&nbsp;<\/p>\n","protected":false},"excerpt":{"rendered":"<p>A devenit o frumoas\u0103 tradi\u0163ie la Giurgiu, ca<\/p>\n","protected":false},"author":1,"featured_media":0,"comment_status":"open","ping_status":"open","sticky":false,"template":"","format":"standard","meta":{"footnotes":""},"categories":[6],"tags":[],"class_list":["post-48684","post","type-post","status-publish","format-standard","hentry","category-breaking-news"],"_links":{"self":[{"href":"https:\/\/www.giurgiuveanul.ro\/stiri\/wp-json\/wp\/v2\/posts\/48684","targetHints":{"allow":["GET"]}}],"collection":[{"href":"https:\/\/www.giurgiuveanul.ro\/stiri\/wp-json\/wp\/v2\/posts"}],"about":[{"href":"https:\/\/www.giurgiuveanul.ro\/stiri\/wp-json\/wp\/v2\/types\/post"}],"author":[{"embeddable":true,"href":"https:\/\/www.giurgiuveanul.ro\/stiri\/wp-json\/wp\/v2\/users\/1"}],"replies":[{"embeddable":true,"href":"https:\/\/www.giurgiuveanul.ro\/stiri\/wp-json\/wp\/v2\/comments?post=48684"}],"version-history":[{"count":0,"href":"https:\/\/www.giurgiuveanul.ro\/stiri\/wp-json\/wp\/v2\/posts\/48684\/revisions"}],"wp:attachment":[{"href":"https:\/\/www.giurgiuveanul.ro\/stiri\/wp-json\/wp\/v2\/media?parent=48684"}],"wp:term":[{"taxonomy":"category","embeddable":true,"href":"https:\/\/www.giurgiuveanul.ro\/stiri\/wp-json\/wp\/v2\/categories?post=48684"},{"taxonomy":"post_tag","embeddable":true,"href":"https:\/\/www.giurgiuveanul.ro\/stiri\/wp-json\/wp\/v2\/tags?post=48684"}],"curies":[{"name":"wp","href":"https:\/\/api.w.org\/{rel}","templated":true}]}}