{"id":48702,"date":"2018-01-06T14:55:38","date_gmt":"2018-01-06T12:55:38","guid":{"rendered":"https:\/\/www.giurgiuveanul.ro\/stiri\/?p=48702"},"modified":"2018-01-06T14:55:38","modified_gmt":"2018-01-06T12:55:38","slug":"trei-persoane-ranite-in-urma-unui-accident-rutier","status":"publish","type":"post","link":"https:\/\/www.giurgiuveanul.ro\/stiri\/trei-persoane-ranite-in-urma-unui-accident-rutier\/","title":{"rendered":"Trei persoane r\u0103nite \u00een urma unui accident rutier"},"content":{"rendered":"<p style=\"text-align: justify;\"><strong><a href=\"https:\/\/www.giurgiuveanul.ro\/stiri\/wp-content\/uploads\/2018\/01\/politie_criminalistica_.jpg\"><img loading=\"lazy\" decoding=\"async\" class=\"aligncenter size-large wp-image-48560\" src=\"https:\/\/www.giurgiuveanul.ro\/stiri\/wp-content\/uploads\/2018\/01\/politie_criminalistica_-560x314.jpg\" alt=\"politie_criminalistica_\" width=\"560\" height=\"314\" srcset=\"https:\/\/www.giurgiuveanul.ro\/stiri\/wp-content\/uploads\/2018\/01\/politie_criminalistica_-560x314.jpg 560w, https:\/\/www.giurgiuveanul.ro\/stiri\/wp-content\/uploads\/2018\/01\/politie_criminalistica_-250x140.jpg 250w, https:\/\/www.giurgiuveanul.ro\/stiri\/wp-content\/uploads\/2018\/01\/politie_criminalistica_-400x225.jpg 400w, https:\/\/www.giurgiuveanul.ro\/stiri\/wp-content\/uploads\/2018\/01\/politie_criminalistica_.jpg 620w\" sizes=\"auto, (max-width: 560px) 100vw, 560px\" \/><\/a>Trei persoane au fost r\u0103nite \u0219i dou\u0103 autovehicule avariate<!--more--> \u00een urma producerii unui accident pe fondul neadapt\u0103rii vitezei la condi\u021biile de drum acoperit cu ghea\u021b\u0103.<\/strong><\/p>\n<p style=\"text-align: justify;\">Vineri, 5 ianuarie a.c., \u00een jurul orei 08.50, un b\u0103rbat de 45 ani, din comuna Gostinari, jude\u021bul Giurgiu, \u00een timp ce conducea autoturismul dinspre Gostinari c\u0103tre Dobreni, pe Drumul Jude\u021bean 412, \u00een localitatea C\u00e2mpurelu, \u00eentr-o curb\u0103 deosebit de periculoas\u0103, nu a adaptat viteza la condi\u021biile de drum acoperit cu polei\/ghea\u021b\u0103, a pierdut controlul volanului, a p\u0103truns pe sensul opus \u0219i a intrat \u00een coliziune cu un alt autoturism, condus regulamentar dinspre Dobreni de un t\u00e2n\u0103r de 30 ani, din localitatea C\u00e2mpurelu.<\/p>\n<p style=\"text-align: justify;\">\u00cen urma impactului a rezultat avarierea celor dou\u0103 vehicule \u0219i r\u0103nirea u\u0219oar\u0103 a unui pasager de 51 ani, din C\u00e2mpurelu, pasager \u00een auto care circula regulamentar \u0219i a altor doi pasageri, un t\u00e2n\u0103r, de 26 ani \u0219i o t\u00e2n\u0103r\u0103 de 32 ani, ambii din comuna Gostinari, pasageri \u00een cel\u0103lalt autovehicul, care au fost transporta\u021bi la o unitate sanitar\u0103 din municipiul Bucure\u0219ti pentru acordarea de \u00eengrijiri medicale \u0219i efectuarea de investiga\u021bii de specialitate.<\/p>\n<p style=\"text-align: justify;\">Ambii conduc\u0103tori auto au fost testa\u021bi alcooltest, rezultatele fiind negative (zero alcool \u00een aerul expirat).<\/p>\n<p style=\"text-align: justify;\">Poli\u021bi\u0219tii Biroului Rutier au \u00eentocmit un dosar penal \u00een care efectueaz\u0103 cercet\u0103ri sub aspectul s\u0103v\u00e2r\u0219irii infrac\u021biunii de v\u0103t\u0103mare corporal\u0103 din culp\u0103.<\/p>\n","protected":false},"excerpt":{"rendered":"<p>Trei persoane au fost r\u0103nite \u0219i dou\u0103 autovehicule avariate<\/p>\n","protected":false},"author":1,"featured_media":0,"comment_status":"open","ping_status":"open","sticky":false,"template":"","format":"standard","meta":{"footnotes":""},"categories":[6],"tags":[],"class_list":["post-48702","post","type-post","status-publish","format-standard","hentry","category-breaking-news"],"_links":{"self":[{"href":"https:\/\/www.giurgiuveanul.ro\/stiri\/wp-json\/wp\/v2\/posts\/48702","targetHints":{"allow":["GET"]}}],"collection":[{"href":"https:\/\/www.giurgiuveanul.ro\/stiri\/wp-json\/wp\/v2\/posts"}],"about":[{"href":"https:\/\/www.giurgiuveanul.ro\/stiri\/wp-json\/wp\/v2\/types\/post"}],"author":[{"embeddable":true,"href":"https:\/\/www.giurgiuveanul.ro\/stiri\/wp-json\/wp\/v2\/users\/1"}],"replies":[{"embeddable":true,"href":"https:\/\/www.giurgiuveanul.ro\/stiri\/wp-json\/wp\/v2\/comments?post=48702"}],"version-history":[{"count":0,"href":"https:\/\/www.giurgiuveanul.ro\/stiri\/wp-json\/wp\/v2\/posts\/48702\/revisions"}],"wp:attachment":[{"href":"https:\/\/www.giurgiuveanul.ro\/stiri\/wp-json\/wp\/v2\/media?parent=48702"}],"wp:term":[{"taxonomy":"category","embeddable":true,"href":"https:\/\/www.giurgiuveanul.ro\/stiri\/wp-json\/wp\/v2\/categories?post=48702"},{"taxonomy":"post_tag","embeddable":true,"href":"https:\/\/www.giurgiuveanul.ro\/stiri\/wp-json\/wp\/v2\/tags?post=48702"}],"curies":[{"name":"wp","href":"https:\/\/api.w.org\/{rel}","templated":true}]}}