{"id":48720,"date":"2018-01-07T11:02:31","date_gmt":"2018-01-07T09:02:31","guid":{"rendered":"https:\/\/www.giurgiuveanul.ro\/stiri\/?p=48720"},"modified":"2018-01-07T11:02:31","modified_gmt":"2018-01-07T09:02:31","slug":"cod-galben-de-ceata-in-aceasta-dimineata-la-giurgiu-foto","status":"publish","type":"post","link":"https:\/\/www.giurgiuveanul.ro\/stiri\/cod-galben-de-ceata-in-aceasta-dimineata-la-giurgiu-foto\/","title":{"rendered":"COD GALBEN de cea\u021b\u0103, \u00een aceast\u0103 diminea\u021b\u0103, la Giurgiu! (FOTO)"},"content":{"rendered":"<p><strong><a href=\"https:\/\/www.giurgiuveanul.ro\/stiri\/wp-content\/uploads\/2018\/01\/IMG_2094.jpg\"><img loading=\"lazy\" decoding=\"async\" class=\"aligncenter size-large wp-image-48721\" src=\"https:\/\/www.giurgiuveanul.ro\/stiri\/wp-content\/uploads\/2018\/01\/IMG_2094-560x415.jpg\" alt=\"IMG_2094\" width=\"560\" height=\"415\" srcset=\"https:\/\/www.giurgiuveanul.ro\/stiri\/wp-content\/uploads\/2018\/01\/IMG_2094-560x415.jpg 560w, https:\/\/www.giurgiuveanul.ro\/stiri\/wp-content\/uploads\/2018\/01\/IMG_2094-250x185.jpg 250w, https:\/\/www.giurgiuveanul.ro\/stiri\/wp-content\/uploads\/2018\/01\/IMG_2094-400x297.jpg 400w, https:\/\/www.giurgiuveanul.ro\/stiri\/wp-content\/uploads\/2018\/01\/IMG_2094.jpg 800w\" sizes=\"auto, (max-width: 560px) 100vw, 560px\" \/><\/a>Meteorologii au emis, ast\u0103zi, noi avertizari de Cod Galben de cea\u0163\u0103, valabile \u00een jude\u0163e din Oltenia, Dobrogea \u015fi Muntenia. P\u00e2n\u0103 la ora 11.00, \u00een jude\u0163ele <!--more-->Olt, Dolj, Teleorman \u015fi Giurgiu se va semnala cea\u0163\u0103, fenomen ce va determina sc\u0103derea vizibilit\u0103\u0163ii local sub 200 de metri \u015fi, izolat, sub 50 de metri.<\/strong><\/p>\n<p>Conform Administra\u0163iei Na\u0163ionale de Meteorologie (ANM), p\u00e2n\u0103 la ora 11:00, \u00een jude\u0163ele Vrancea (zona joas\u0103), Vaslui \u015fi Gala\u0163i se va semnala cea\u0163\u0103 ce determin\u0103 sc\u0103derea vizibilit\u0103\u0163ii, local, sub 200 metri \u015fi izolat sub 50 metri.<\/p>\n<p>Fenomenul se va manifesta inclusiv pe drumurile europene E85, E581 \u015fi drumurile na\u0163ionale.<\/p>\n<p>De asemenea, cea\u0163a va persista \u015fi \u00een jude\u0163ele Constan\u0163a, Tulcea, Teleorman \u015fi Giurgiu \u00een acest\u0103 diminea\u021b\u0103.<\/p>\n","protected":false},"excerpt":{"rendered":"<p>Meteorologii au emis, ast\u0103zi, noi avertizari de Cod Galben de cea\u0163\u0103, valabile \u00een jude\u0163e din Oltenia, Dobrogea \u015fi Muntenia. P\u00e2n\u0103 la ora 11.00, \u00een jude\u0163ele<\/p>\n","protected":false},"author":1,"featured_media":0,"comment_status":"open","ping_status":"open","sticky":false,"template":"","format":"standard","meta":{"footnotes":""},"categories":[6],"tags":[],"class_list":["post-48720","post","type-post","status-publish","format-standard","hentry","category-breaking-news"],"_links":{"self":[{"href":"https:\/\/www.giurgiuveanul.ro\/stiri\/wp-json\/wp\/v2\/posts\/48720","targetHints":{"allow":["GET"]}}],"collection":[{"href":"https:\/\/www.giurgiuveanul.ro\/stiri\/wp-json\/wp\/v2\/posts"}],"about":[{"href":"https:\/\/www.giurgiuveanul.ro\/stiri\/wp-json\/wp\/v2\/types\/post"}],"author":[{"embeddable":true,"href":"https:\/\/www.giurgiuveanul.ro\/stiri\/wp-json\/wp\/v2\/users\/1"}],"replies":[{"embeddable":true,"href":"https:\/\/www.giurgiuveanul.ro\/stiri\/wp-json\/wp\/v2\/comments?post=48720"}],"version-history":[{"count":0,"href":"https:\/\/www.giurgiuveanul.ro\/stiri\/wp-json\/wp\/v2\/posts\/48720\/revisions"}],"wp:attachment":[{"href":"https:\/\/www.giurgiuveanul.ro\/stiri\/wp-json\/wp\/v2\/media?parent=48720"}],"wp:term":[{"taxonomy":"category","embeddable":true,"href":"https:\/\/www.giurgiuveanul.ro\/stiri\/wp-json\/wp\/v2\/categories?post=48720"},{"taxonomy":"post_tag","embeddable":true,"href":"https:\/\/www.giurgiuveanul.ro\/stiri\/wp-json\/wp\/v2\/tags?post=48720"}],"curies":[{"name":"wp","href":"https:\/\/api.w.org\/{rel}","templated":true}]}}