{"id":48725,"date":"2018-01-07T12:59:00","date_gmt":"2018-01-07T10:59:00","guid":{"rendered":"https:\/\/www.giurgiuveanul.ro\/stiri\/?p=48725"},"modified":"2018-01-07T12:59:00","modified_gmt":"2018-01-07T10:59:00","slug":"la-multi-ani-ioana-la-multi-ani-ion-peste-doua-milioane-de-romani-isi-serbeaza-astazi-onomastica","status":"publish","type":"post","link":"https:\/\/www.giurgiuveanul.ro\/stiri\/la-multi-ani-ioana-la-multi-ani-ion-peste-doua-milioane-de-romani-isi-serbeaza-astazi-onomastica\/","title":{"rendered":"La Mul\u0163i Ani, Ioana, La Mul\u0163i Ani, Ion! Peste dou\u0103 milioane de rom\u00e2ni \u00ee\u015fi serbeaz\u0103 ast\u0103zi onomastica"},"content":{"rendered":"<p style=\"text-align: justify;\"><strong><a href=\"https:\/\/www.giurgiuveanul.ro\/stiri\/wp-content\/uploads\/2018\/01\/felicitari-de-sfantul-ion_poze_011.jpg\"><img loading=\"lazy\" decoding=\"async\" class=\"aligncenter size-large wp-image-48726\" src=\"https:\/\/www.giurgiuveanul.ro\/stiri\/wp-content\/uploads\/2018\/01\/felicitari-de-sfantul-ion_poze_011-498x450.jpg\" alt=\"felicitari-de-sfantul-ion_poze_011\" width=\"498\" height=\"450\" srcset=\"https:\/\/www.giurgiuveanul.ro\/stiri\/wp-content\/uploads\/2018\/01\/felicitari-de-sfantul-ion_poze_011-498x450.jpg 498w, https:\/\/www.giurgiuveanul.ro\/stiri\/wp-content\/uploads\/2018\/01\/felicitari-de-sfantul-ion_poze_011-250x226.jpg 250w, https:\/\/www.giurgiuveanul.ro\/stiri\/wp-content\/uploads\/2018\/01\/felicitari-de-sfantul-ion_poze_011-400x361.jpg 400w, https:\/\/www.giurgiuveanul.ro\/stiri\/wp-content\/uploads\/2018\/01\/felicitari-de-sfantul-ion_poze_011.jpg 700w\" sizes=\"auto, (max-width: 498px) 100vw, 498px\" \/><\/a>Peste dou\u0103 milioane de rom\u00e2ni &#8211; aproape 650.000 de femei \u015fi peste 1,3 milioane de b\u0103rba\u0163i &#8211; poart\u0103 numele Sf\u00e2ntului Ioan Botez\u0103torul, serb\u00e2ndu-\u015fi, ast\u0103zi, onomastica. Tuturor un sincer: \u201eLa Mul\u0163i Ani!\u201d<\/strong><\/p>\n<p style=\"text-align: justify;\">Cele <!--more-->mai populare nume sunt Ioan, Ion, Ioana \u015fi Ionela, \u00eens\u0103 exist\u0103 \u015fi derivate ale acestora, precum Jan, Ivan, Nela \u015fi Onu\u0163a. Potrivit datelor Ministerului Afacerilor Interne (MAI), 2.033.809 de rom\u00e2ni poart\u0103 numele Sf\u00e2ntului Ioan Botez\u0103torul. Dintre ace\u015ftia, 642.246 sunt femei \u015fi 1.391.563 sunt b\u0103rba\u0163i.<\/p>\n<p style=\"text-align: justify;\">De departe cele mai populare nume sunt Ioan (486.083 de rom\u00e2ni), Ion (378.999), Ionu\u0163 (342.935), Ioana (380.978), Ionela (145.593) \u015fi Oana (72.185), \u00eens\u0103 exist\u0103 \u015fi foarte multe derivate ale acestora, \u00eencep\u00e2nd cu Nelu (21.284 de rom\u00e2ni), Ivan (peste 5.000) sau Jana (peste 5.000), Ionu\u0163a, Nela \u015fi chiar Onu\u0163a (135 de femei) sau Ionelia \u015fi Jan. Biserica cre\u015ftin\u0103 \u00eel cinste\u015fte pe Sf\u00e2ntul Ioan Botez\u0103torul ca pe cel mai mare dintre sfin\u0163i, dup\u0103 Fecioara Maria. \u00cen calendarul ortodox are trei zile pomenire: 24 iunie &#8211; na\u015fterea sa, (s\u0103rb\u0103toarea numit\u0103 Dr\u0103gaica sau S\u00e2nzienele), 7 ianuarie, ziua Sf\u00e2ntului Ioan ca botez\u0103tor al Domnului, \u015fi 29 august- t\u0103ierea capului Sf\u00e2ntului Ioan.<\/p>\n<p style=\"text-align: justify;\">\n<p style=\"text-align: justify;\">Sf\u00e2ntul Ioan mai este numit \u015fi \u00cenaintemerg\u0103torul, pentru c\u0103 este cel care a anun\u0163at venirea lui Hristos. P\u0103rin\u0163ii lui sunt preotul Zaharia \u015fi Elisabeta, care erau rude cu p\u0103rin\u0163ii Fecioarei Maria, Ioachim \u015fi Ana. Arhanghelul Gavriil i-a vestit lui Zaharia c\u0103 so\u0163ia sa va na\u015fte un fiu la b\u0103tr\u00e2ne\u0163e \u015fi se va chema Ioan. Zaharia nu a crezut acest lucru \u015fi a r\u0103mas mut p\u00e2n\u0103 c\u00e2nd Elisabeta a n\u0103scut. Potrivit \u00eenv\u0103\u0163\u0103turilor religioase, Ioan a avut menirea de a preg\u0103ti poporul pentru primirea lui Iisus Hristos. So\u0163ia fratelui lui Irod a fost cea care a poruncit s\u0103 i se taie capul lui Ioan Botez\u0103torul, din ur\u0103, la un osp\u0103\u0163 de ziua lui Irod.<\/p>\n<p style=\"text-align: justify;\">\n<p style=\"text-align: justify;\">Se spune c\u0103 \u00een diminea\u0163a zilei de Sf\u00e2ntul Ion, oamenii trebuie s\u0103 se stropeasc\u0103 cu agheasm\u0103, pentru a fi feri\u0163i de boli \u00een timpul anului. De asemenea, conform tradi\u0163iei populare, se spune c\u0103 dup\u0103 Sf\u00e2ntul Ion &#8222;se boteaz\u0103 gerul\u201d, adic\u0103 temperaturile \u00eencep s\u0103 creasc\u0103. De Sf\u00e2ntul Ioan, exist\u0103 obiceiul numit &#8222;Udatul Ionilor\u201d. \u00cen Bucovina de exemplu, \u00een trecut, se punea un brad \u00eempodobit la por\u0163ile tuturor celor care purtau numele de Ion, iar ace\u015ftia d\u0103deau o petrecere. \u00cen Transilvania, cei care purtau acest nume erau purta\u0163i prin sat p\u00e2n\u0103 la r\u00e2u, unde erau boteza\u0163i.<\/p>\n<p style=\"text-align: justify;\">\n","protected":false},"excerpt":{"rendered":"<p>Peste dou\u0103 milioane de rom\u00e2ni &#8211; aproape 650.000 de femei \u015fi peste 1,3 milioane de b\u0103rba\u0163i &#8211; poart\u0103 numele Sf\u00e2ntului Ioan Botez\u0103torul, serb\u00e2ndu-\u015fi, ast\u0103zi, onomastica. Tuturor un sincer: \u201eLa Mul\u0163i Ani!\u201d Cele<\/p>\n","protected":false},"author":1,"featured_media":0,"comment_status":"open","ping_status":"open","sticky":false,"template":"","format":"standard","meta":{"footnotes":""},"categories":[16],"tags":[],"class_list":["post-48725","post","type-post","status-publish","format-standard","hentry","category-astazi-e-ziua-ta"],"_links":{"self":[{"href":"https:\/\/www.giurgiuveanul.ro\/stiri\/wp-json\/wp\/v2\/posts\/48725","targetHints":{"allow":["GET"]}}],"collection":[{"href":"https:\/\/www.giurgiuveanul.ro\/stiri\/wp-json\/wp\/v2\/posts"}],"about":[{"href":"https:\/\/www.giurgiuveanul.ro\/stiri\/wp-json\/wp\/v2\/types\/post"}],"author":[{"embeddable":true,"href":"https:\/\/www.giurgiuveanul.ro\/stiri\/wp-json\/wp\/v2\/users\/1"}],"replies":[{"embeddable":true,"href":"https:\/\/www.giurgiuveanul.ro\/stiri\/wp-json\/wp\/v2\/comments?post=48725"}],"version-history":[{"count":0,"href":"https:\/\/www.giurgiuveanul.ro\/stiri\/wp-json\/wp\/v2\/posts\/48725\/revisions"}],"wp:attachment":[{"href":"https:\/\/www.giurgiuveanul.ro\/stiri\/wp-json\/wp\/v2\/media?parent=48725"}],"wp:term":[{"taxonomy":"category","embeddable":true,"href":"https:\/\/www.giurgiuveanul.ro\/stiri\/wp-json\/wp\/v2\/categories?post=48725"},{"taxonomy":"post_tag","embeddable":true,"href":"https:\/\/www.giurgiuveanul.ro\/stiri\/wp-json\/wp\/v2\/tags?post=48725"}],"curies":[{"name":"wp","href":"https:\/\/api.w.org\/{rel}","templated":true}]}}