{"id":48731,"date":"2018-01-07T16:12:58","date_gmt":"2018-01-07T14:12:58","guid":{"rendered":"https:\/\/www.giurgiuveanul.ro\/stiri\/?p=48731"},"modified":"2018-01-07T19:00:52","modified_gmt":"2018-01-07T17:00:52","slug":"tragedie-la-giurgiu-s-a-aruncat-pe-geam-al-spitalului-judetean-de-urgenta-de-la-etajul-2-foto","status":"publish","type":"post","link":"https:\/\/www.giurgiuveanul.ro\/stiri\/tragedie-la-giurgiu-s-a-aruncat-pe-geam-al-spitalului-judetean-de-urgenta-de-la-etajul-2-foto\/","title":{"rendered":"TRAGEDIE la Giurgiu! S-a aruncat pe un geam al Spitalului Jude\u0163ean de Urgen\u0163\u0103, de la etajul 3! (FOTO)"},"content":{"rendered":"<p style=\"text-align: justify;\"><strong><a href=\"https:\/\/www.giurgiuveanul.ro\/stiri\/wp-content\/uploads\/2018\/01\/mort-spital.jpg\"><img loading=\"lazy\" decoding=\"async\" class=\"aligncenter size-full wp-image-48739\" src=\"https:\/\/www.giurgiuveanul.ro\/stiri\/wp-content\/uploads\/2018\/01\/mort-spital.jpg\" alt=\"mort spital\" width=\"280\" height=\"373\" srcset=\"https:\/\/www.giurgiuveanul.ro\/stiri\/wp-content\/uploads\/2018\/01\/mort-spital.jpg 280w, https:\/\/www.giurgiuveanul.ro\/stiri\/wp-content\/uploads\/2018\/01\/mort-spital-225x300.jpg 225w\" sizes=\"auto, (max-width: 280px) 100vw, 280px\" \/><\/a>Incidentul \u0219ocant a avut loc <!--more-->azi noapte, \u00een jurul orei 0:15, la Spitalul Jude\u0163ean de Urgen\u0163\u0103 Giurgiu. <\/strong><\/p>\n<p style=\"text-align: justify;\">Un b\u0103rbat, de 70 de ani, din localitatea Ghimpa\u0163i, internat la sec\u0163ia de cardiologie \u00een spital, s-a aruncat pe geamul unei toalete,\u00a0aflat\u0103 la etajul 3.<\/p>\n<p style=\"text-align: justify;\">Din p\u0103cate, medicii Spitalului au fost obliga\u021bi s\u0103 declare decesul.<\/p>\n<p style=\"text-align: justify;\">\u00cen acest caz poli\u021bi\u0219tii giurgiuveni au deschis un dosar \u00een care se fac cercet\u0103ri pentru moarte suspect\u0103 dar toate indiciile duc spre o sinucidere, pe trupul decedatului nefiind g\u0103site urme de violen\u0163\u0103, potrivit informa\u0163iilor oferite de reprezentantul IPJ Giurgiu, <strong>comisar \u015fef Cristian \u015eu\u0163\u0103<\/strong>.<\/p>\n<p style=\"text-align: justify;\">Trupul ne\u00eensufle\u021bit a fost transportat la Morga Spitalului pentru autopsie.<\/p>\n<p style=\"text-align: justify;\"><em>N.R. Mul\u0163umim, \u015fi pe aceast\u0103 cale, cititoarei noastre pentru fotografia trimis\u0103!<\/em><\/p>\n","protected":false},"excerpt":{"rendered":"<p>Incidentul \u0219ocant a avut loc<\/p>\n","protected":false},"author":1,"featured_media":0,"comment_status":"open","ping_status":"open","sticky":false,"template":"","format":"standard","meta":{"footnotes":""},"categories":[6],"tags":[],"class_list":["post-48731","post","type-post","status-publish","format-standard","hentry","category-breaking-news"],"_links":{"self":[{"href":"https:\/\/www.giurgiuveanul.ro\/stiri\/wp-json\/wp\/v2\/posts\/48731","targetHints":{"allow":["GET"]}}],"collection":[{"href":"https:\/\/www.giurgiuveanul.ro\/stiri\/wp-json\/wp\/v2\/posts"}],"about":[{"href":"https:\/\/www.giurgiuveanul.ro\/stiri\/wp-json\/wp\/v2\/types\/post"}],"author":[{"embeddable":true,"href":"https:\/\/www.giurgiuveanul.ro\/stiri\/wp-json\/wp\/v2\/users\/1"}],"replies":[{"embeddable":true,"href":"https:\/\/www.giurgiuveanul.ro\/stiri\/wp-json\/wp\/v2\/comments?post=48731"}],"version-history":[{"count":0,"href":"https:\/\/www.giurgiuveanul.ro\/stiri\/wp-json\/wp\/v2\/posts\/48731\/revisions"}],"wp:attachment":[{"href":"https:\/\/www.giurgiuveanul.ro\/stiri\/wp-json\/wp\/v2\/media?parent=48731"}],"wp:term":[{"taxonomy":"category","embeddable":true,"href":"https:\/\/www.giurgiuveanul.ro\/stiri\/wp-json\/wp\/v2\/categories?post=48731"},{"taxonomy":"post_tag","embeddable":true,"href":"https:\/\/www.giurgiuveanul.ro\/stiri\/wp-json\/wp\/v2\/tags?post=48731"}],"curies":[{"name":"wp","href":"https:\/\/api.w.org\/{rel}","templated":true}]}}