{"id":48762,"date":"2018-01-08T10:23:03","date_gmt":"2018-01-08T08:23:03","guid":{"rendered":"https:\/\/www.giurgiuveanul.ro\/stiri\/?p=48762"},"modified":"2018-01-08T10:23:03","modified_gmt":"2018-01-08T08:23:03","slug":"eveniment-rutier-soldat-cu-ranirea-doua-persoane","status":"publish","type":"post","link":"https:\/\/www.giurgiuveanul.ro\/stiri\/eveniment-rutier-soldat-cu-ranirea-doua-persoane\/","title":{"rendered":"Eveniment rutier soldat cu r\u0103nirea a dou\u0103 persoane"},"content":{"rendered":"<p style=\"text-align: justify;\"><strong><a href=\"https:\/\/www.giurgiuveanul.ro\/stiri\/wp-content\/uploads\/2018\/01\/112-accident-rutier-cu-mai-multe-victime-in-vi-eu-de-sus.jpg\"><img loading=\"lazy\" decoding=\"async\" class=\"aligncenter size-large wp-image-48763\" src=\"https:\/\/www.giurgiuveanul.ro\/stiri\/wp-content\/uploads\/2018\/01\/112-accident-rutier-cu-mai-multe-victime-in-vi-eu-de-sus-560x371.jpg\" alt=\"112-accident-rutier-cu-mai-multe-victime-in-vi-eu-de-sus\" width=\"560\" height=\"371\" srcset=\"https:\/\/www.giurgiuveanul.ro\/stiri\/wp-content\/uploads\/2018\/01\/112-accident-rutier-cu-mai-multe-victime-in-vi-eu-de-sus-560x371.jpg 560w, https:\/\/www.giurgiuveanul.ro\/stiri\/wp-content\/uploads\/2018\/01\/112-accident-rutier-cu-mai-multe-victime-in-vi-eu-de-sus-250x166.jpg 250w, https:\/\/www.giurgiuveanul.ro\/stiri\/wp-content\/uploads\/2018\/01\/112-accident-rutier-cu-mai-multe-victime-in-vi-eu-de-sus-400x265.jpg 400w, https:\/\/www.giurgiuveanul.ro\/stiri\/wp-content\/uploads\/2018\/01\/112-accident-rutier-cu-mai-multe-victime-in-vi-eu-de-sus.jpg 800w\" sizes=\"auto, (max-width: 560px) 100vw, 560px\" \/><\/a>Un t\u00e2n\u0103r <!--more-->din Flore\u0219ti\u2013Stoene\u0219ti este cercetat de poli\u021bi\u0219ti sub aspectul s\u0103v\u00e2r\u0219irii\u00a0 infrac\u021biunilor de v\u0103t\u0103mare corporal\u0103 din culp\u0103 \u0219i conducerea pe drumurile publice a unui autovehicul sub influen\u021ba alcoolului dup\u0103 ce s-a r\u0103sturnat cu autoturismul \u00eencerc\u00e2nd s\u0103 evite o groap\u0103.<\/strong><\/p>\n<p style=\"text-align: justify;\">Ieri noapte, la ora 01.25, poli\u021bi\u0219tii au fost sesiza\u021bi de personalul medical din cadrul Spitalului Or\u0103\u0219enesc Bolintin-Vale despre faptul c\u0103, la respectiva unitate sanitar\u0103 s-au prezentat dou\u0103 persoane, victimele unui accident rutier.<\/p>\n<p style=\"text-align: justify;\">Din primele cercet\u0103ri efectuate de poli\u021bi\u0219ti a reie\u0219it faptul c\u0103, s\u00e2mb\u0103t\u0103, 6 ianuarie 2018, \u00een jurul orei 22.30, un t\u00e2n\u0103r de 27 ani, din comuna Flore\u0219ti-Stoene\u0219ti, \u00een timp ce conducea autoturismul pe un drum de exploatare, cu destina\u021bie de intrare \u00een balastiera din localitatea Stoene\u0219ti, \u00eencerc\u00e2nd s\u0103 evite o groap\u0103 a pierdut controlul direc\u021biei de mers \u0219i a p\u0103r\u0103sit partea carosabil\u0103, r\u0103sturn\u00e2ndu-se.<\/p>\n<p style=\"text-align: justify;\">\u00cen urma evenimentului rutier a rezultat v\u0103t\u0103marea corporal\u0103 at\u00e2t a conduc\u0103torului auto c\u00e2t \u0219i a pasagerei din autoturism, o t\u00e2n\u0103r\u0103 de 19 ani, din comuna Ulmi, jude\u021bul Giurgiu.<\/p>\n<p style=\"text-align: justify;\">Conduc\u0103torul a fost testat cu aparatul etilotest, care a indicat valoarea de 0,42 mg\/l alcool pur \u00een aerul expirat \u0219i i-au fost recoltate probe de s\u00e2nge \u00een vederea stabilirii alcoolemiei.<\/p>\n<p style=\"text-align: justify;\">\u00cen cauz\u0103 a fost \u00eentocmit un dosar penal \u00een care se efectueaz\u0103 cercet\u0103ri sub aspectul s\u0103v\u00e2r\u0219irii infrac\u021biunilor de v\u0103t\u0103mare corporal\u0103 din culp\u0103 \u0219i conducerea pe drumurile publice a unui autovehicul sub influen\u021ba alcoolului.<\/p>\n","protected":false},"excerpt":{"rendered":"<p>Un t\u00e2n\u0103r<\/p>\n","protected":false},"author":1,"featured_media":0,"comment_status":"open","ping_status":"open","sticky":false,"template":"","format":"standard","meta":{"footnotes":""},"categories":[6],"tags":[],"class_list":["post-48762","post","type-post","status-publish","format-standard","hentry","category-breaking-news"],"_links":{"self":[{"href":"https:\/\/www.giurgiuveanul.ro\/stiri\/wp-json\/wp\/v2\/posts\/48762","targetHints":{"allow":["GET"]}}],"collection":[{"href":"https:\/\/www.giurgiuveanul.ro\/stiri\/wp-json\/wp\/v2\/posts"}],"about":[{"href":"https:\/\/www.giurgiuveanul.ro\/stiri\/wp-json\/wp\/v2\/types\/post"}],"author":[{"embeddable":true,"href":"https:\/\/www.giurgiuveanul.ro\/stiri\/wp-json\/wp\/v2\/users\/1"}],"replies":[{"embeddable":true,"href":"https:\/\/www.giurgiuveanul.ro\/stiri\/wp-json\/wp\/v2\/comments?post=48762"}],"version-history":[{"count":0,"href":"https:\/\/www.giurgiuveanul.ro\/stiri\/wp-json\/wp\/v2\/posts\/48762\/revisions"}],"wp:attachment":[{"href":"https:\/\/www.giurgiuveanul.ro\/stiri\/wp-json\/wp\/v2\/media?parent=48762"}],"wp:term":[{"taxonomy":"category","embeddable":true,"href":"https:\/\/www.giurgiuveanul.ro\/stiri\/wp-json\/wp\/v2\/categories?post=48762"},{"taxonomy":"post_tag","embeddable":true,"href":"https:\/\/www.giurgiuveanul.ro\/stiri\/wp-json\/wp\/v2\/tags?post=48762"}],"curies":[{"name":"wp","href":"https:\/\/api.w.org\/{rel}","templated":true}]}}