{"id":48779,"date":"2018-01-09T08:47:47","date_gmt":"2018-01-09T06:47:47","guid":{"rendered":"https:\/\/www.giurgiuveanul.ro\/stiri\/?p=48779"},"modified":"2018-01-09T08:47:47","modified_gmt":"2018-01-09T06:47:47","slug":"perioada-de-foc-pentru-elevii-din-clasa-xii-a-incepe-bacalaureatul","status":"publish","type":"post","link":"https:\/\/www.giurgiuveanul.ro\/stiri\/perioada-de-foc-pentru-elevii-din-clasa-xii-a-incepe-bacalaureatul\/","title":{"rendered":"Perioad\u0103 de foc pentru elevii din clasa a XII-a. \u00cencepe bacalaureatul"},"content":{"rendered":"<p style=\"text-align: justify;\"><strong><a href=\"https:\/\/www.giurgiuveanul.ro\/stiri\/wp-content\/uploads\/2018\/01\/14984550756f2c2119.jpg\"><img loading=\"lazy\" decoding=\"async\" class=\"aligncenter size-full wp-image-48780\" src=\"https:\/\/www.giurgiuveanul.ro\/stiri\/wp-content\/uploads\/2018\/01\/14984550756f2c2119.jpg\" alt=\"14984550756f2c2119\" width=\"559\" height=\"344\" srcset=\"https:\/\/www.giurgiuveanul.ro\/stiri\/wp-content\/uploads\/2018\/01\/14984550756f2c2119.jpg 559w, https:\/\/www.giurgiuveanul.ro\/stiri\/wp-content\/uploads\/2018\/01\/14984550756f2c2119-250x154.jpg 250w, https:\/\/www.giurgiuveanul.ro\/stiri\/wp-content\/uploads\/2018\/01\/14984550756f2c2119-400x246.jpg 400w\" sizes=\"auto, (max-width: 559px) 100vw, 559px\" \/><\/a>Pe <!--more-->15 ianuarie, elevii vor reveni la cursuri dup\u0103 vacan\u0163a de iarn\u0103, dar pentru cei din clasa a XII-a \u00eencepe o perioad\u0103 de foc, urm\u00e2nd s\u0103 \u00eenceap\u0103 prima sesiune a Bacalaureatului. <\/strong><\/p>\n<p style=\"text-align: justify;\">\u00censcrierile pentru sus\u0163inerea examenului \u00een prima sesiune se fac \u00een s\u0103pt\u0103m\u00eena 29 ianuarie &#8211; 2 februarie 2018. Apoi urmeaz\u0103 vacan\u0163a intersemestrial\u0103 \u00een perioada 3 februarie- 11 februarie 2018.<\/p>\n<p style=\"text-align: justify;\">Prima sesiune a examenului na\u0163ional de Bacalaureat 2018 \u00eencepe luni, 12 februarie 2018, cu proba de evaluare a competen\u0163elor lingvistice de comunicare oral\u0103 \u00een limba rom\u00e2n\u0103 (proba A).<\/p>\n<p style=\"text-align: justify;\"><strong>Se evalueaz\u0103 competen\u0163ele<\/strong><\/p>\n<p style=\"text-align: justify;\">Conform calendarului aprobat prin ordin de ministru, proba va continua \u00een data de 13 februarie \u015fi va fi urmat\u0103 de evaluarea competen\u0163elor lingvistice de comunicare oral\u0103 \u00een limba matern\u0103 (14 &#8211; 15 februarie). \u00cen zilele de 16, 19 \u015fi 20 februarie este programat\u0103 evaluarea competen\u0163elor digitale (proba D), iar \u00een perioada 21-22 februarie se va desf\u0103\u015fura evaluarea competen\u0163elor lingvistice \u00eentr-o limb\u0103 de circula\u0163ie interna\u0163ional\u0103 (proba C). Este primul an cn\u00e2d prima sesiune a Bacalaureatului se desf\u0103\u015foar\u0103 \u00een dou\u0103 etape. Cursurile pentru clasele a XII-a \u015fi a XIII-a se \u00eencheie vineri, 25 mai. Prima prob\u0103 scris\u0103 &#8211; Limba si literatura rom\u00e2n\u0103 &#8211; Ea) &#8211; va avea loc luni, 25 iunie. Proba la Limba \u015fi literatura matern\u0103 &#8211; Eb) este programat\u0103 mar\u0163i, 26 iunie, iar proba Ec) &#8211; proba obligatorie a profilului, miercuri, 27 iunie. Ultima prob\u0103 scris\u0103 &#8211; la alegere a profilului \u015fi specializ\u0103rii &#8211; proba Ed) &#8211; se va desf\u0103\u015fura joi, 28 iunie. Afi\u015farea primelor rezultate are ca termen data de 4 iulie (p\u00e2n\u0103 la ora 12) \u015fi e urmat\u0103 de depunerea contesta\u0163iilor (orele 12- 16). \u00centre 5 \u015fi 8 iulie, vor fi solu\u0163ionate contesta\u0163iile, \u00een timp ce afi\u015farea rezultatelor finale este prev\u0103zut\u0103 pentru data de 9 iulie.<\/p>\n<p style=\"text-align: justify;\"><strong>A doua sesiune, \u00een iulie<\/strong><\/p>\n<p style=\"text-align: justify;\">A doua sesiune a examenului de Bacalaureat 2018 are urm\u0103toarea structur\u0103:<\/p>\n<p style=\"text-align: justify;\">10 &#8211; 13 iulie: \u00eenscrierea candida\u0163ilor;<\/p>\n<p style=\"text-align: justify;\">27 iulie: \u00eenscrierea candida\u0163ilor care au promovat examenele de corigen\u0163e;<\/p>\n<p style=\"text-align: justify;\">20 august: Limba si literatura rom\u00e2n\u0103 &#8211; proba Ea) &#8211; proba scris\u0103;<\/p>\n<p style=\"text-align: justify;\">21 august: limba si literatura matern\u0103 &#8211; proba Eb) &#8211; proba scris\u0103;<\/p>\n<p style=\"text-align: justify;\">22 august: proba obligatorie a profilului &#8211; proba Ec) &#8211; proba scris\u0103;<\/p>\n<p style=\"text-align: justify;\">23 august: proba la alegere a profilului \u015fi specializ\u0103rii &#8211; proba Ed) &#8211; proba scris\u0103;<\/p>\n<p style=\"text-align: justify;\">24 \u015fi 27 august: evaluarea competen\u0163elor lingvistice de comunicare oral\u0103 \u00een limba rom\u00e2n\u0103 &#8211; proba A;<\/p>\n<p style=\"text-align: justify;\">28 august: evaluarea competen\u0163elor lingvistice de comunicare oral\u0103 \u00een limba matern\u0103 &#8211; proba B;<\/p>\n<p style=\"text-align: justify;\">29-30 august: evaluarea competen\u0163elor digitale &#8211; proba D;<\/p>\n<p style=\"text-align: justify;\">30-31 august: evaluarea competen\u0163elor lingvistice \u00eentr-o limb\u0103 de circula\u0163ie interna\u0163ional\u0103 &#8211; proba C;<\/p>\n<p style=\"text-align: justify;\">1 septembrie: afi\u015farea primelor rezultate (p\u00e2n\u0103 la ora 12) \u015fi depunerea contesta\u0163iilor (orele 12- 16);<\/p>\n<p style=\"text-align: justify;\">2 &#8211; 5 septembrie: rezolvarea contesta\u0163iilor; 6 septembrie: afi\u015farea rezultatelor finale.<\/p>\n","protected":false},"excerpt":{"rendered":"<p>Pe<\/p>\n","protected":false},"author":1,"featured_media":0,"comment_status":"open","ping_status":"open","sticky":false,"template":"","format":"standard","meta":{"footnotes":""},"categories":[6],"tags":[],"class_list":["post-48779","post","type-post","status-publish","format-standard","hentry","category-breaking-news"],"_links":{"self":[{"href":"https:\/\/www.giurgiuveanul.ro\/stiri\/wp-json\/wp\/v2\/posts\/48779","targetHints":{"allow":["GET"]}}],"collection":[{"href":"https:\/\/www.giurgiuveanul.ro\/stiri\/wp-json\/wp\/v2\/posts"}],"about":[{"href":"https:\/\/www.giurgiuveanul.ro\/stiri\/wp-json\/wp\/v2\/types\/post"}],"author":[{"embeddable":true,"href":"https:\/\/www.giurgiuveanul.ro\/stiri\/wp-json\/wp\/v2\/users\/1"}],"replies":[{"embeddable":true,"href":"https:\/\/www.giurgiuveanul.ro\/stiri\/wp-json\/wp\/v2\/comments?post=48779"}],"version-history":[{"count":0,"href":"https:\/\/www.giurgiuveanul.ro\/stiri\/wp-json\/wp\/v2\/posts\/48779\/revisions"}],"wp:attachment":[{"href":"https:\/\/www.giurgiuveanul.ro\/stiri\/wp-json\/wp\/v2\/media?parent=48779"}],"wp:term":[{"taxonomy":"category","embeddable":true,"href":"https:\/\/www.giurgiuveanul.ro\/stiri\/wp-json\/wp\/v2\/categories?post=48779"},{"taxonomy":"post_tag","embeddable":true,"href":"https:\/\/www.giurgiuveanul.ro\/stiri\/wp-json\/wp\/v2\/tags?post=48779"}],"curies":[{"name":"wp","href":"https:\/\/api.w.org\/{rel}","templated":true}]}}