{"id":48791,"date":"2018-01-09T11:06:33","date_gmt":"2018-01-09T09:06:33","guid":{"rendered":"https:\/\/www.giurgiuveanul.ro\/stiri\/?p=48791"},"modified":"2018-01-09T11:06:33","modified_gmt":"2018-01-09T09:06:33","slug":"persoana-accidentata-pe-trecerea-de-pietoni","status":"publish","type":"post","link":"https:\/\/www.giurgiuveanul.ro\/stiri\/persoana-accidentata-pe-trecerea-de-pietoni\/","title":{"rendered":"Persoan\u0103 accidentat\u0103 pe trecerea de pietoni!"},"content":{"rendered":"<p style=\"text-align: justify;\"><strong><a href=\"https:\/\/www.giurgiuveanul.ro\/stiri\/wp-content\/uploads\/2018\/01\/IMG_9395.jpg\"><img loading=\"lazy\" decoding=\"async\" class=\"aligncenter size-large wp-image-48792\" src=\"https:\/\/www.giurgiuveanul.ro\/stiri\/wp-content\/uploads\/2018\/01\/IMG_9395-560x337.jpg\" alt=\"IMG_9395\" width=\"560\" height=\"337\" srcset=\"https:\/\/www.giurgiuveanul.ro\/stiri\/wp-content\/uploads\/2018\/01\/IMG_9395-560x337.jpg 560w, https:\/\/www.giurgiuveanul.ro\/stiri\/wp-content\/uploads\/2018\/01\/IMG_9395-250x150.jpg 250w, https:\/\/www.giurgiuveanul.ro\/stiri\/wp-content\/uploads\/2018\/01\/IMG_9395-400x241.jpg 400w, https:\/\/www.giurgiuveanul.ro\/stiri\/wp-content\/uploads\/2018\/01\/IMG_9395.jpg 800w\" sizes=\"auto, (max-width: 560px) 100vw, 560px\" \/><\/a>O persoan\u0103 <!--more-->a fost r\u0103nit\u0103 \u00a0\u00een urma unui accident rutier produs pe Drumul Na\u021bional 6, \u00een localitatea Gorneni, pe fondul neacord\u0103rii priorit\u0103\u021bii de trecere pietonilor.<\/strong><\/p>\n<p style=\"text-align: justify;\">Luni, 8 ianuarie a.c., un t\u00e2n\u0103r de 20 ani, din comuna B\u0103b\u0103i\u021ba, jude\u021bul Teleorman, \u00een timp ce conducea un autoturism, pe Drumul Na\u021bional 6, \u00een localitatea Gorneni,<\/p>\n<p style=\"text-align: justify;\">jude\u021bul Giurgiu, nu a acordat prioritate de trecere unui pieton angajat regulamentar \u00een traversarea str\u0103zii prin loc special semnalizat corespunz\u0103tor.<\/p>\n<p style=\"text-align: justify;\">\u00cen urma accidentului a rezultat r\u0103nirea pietonului, respectiv un b\u0103rbat de 68 ani, din comuna Iepure\u0219ti, jude\u021bul Giurgiu, care era angajat \u00een traversarea regulamentar\u0103 a str\u0103zii, pe trecerea pentru pietoni, fiind transportat ulterior la Spitalul de Urgen\u021b\u0103 Bucure\u0219ti, unde i-au fost acordate \u00eengrijiri medicale.<\/p>\n<p style=\"text-align: justify;\">Conduc\u0103torul autoturismului a fost testat cu aparatul etilotest, rezultatul fiind negativ (zero alcool \u00een aerul expirat).<\/p>\n<p style=\"text-align: justify;\">Poli\u021bi\u0219tii au deschis \u00een cauz\u0103 un dosar \u00een care se efectueaz\u0103 cercet\u0103ri sub aspectul s\u0103v\u00e2r\u0219irii infrac\u021biunii de v\u0103t\u0103mare corporal\u0103 din culp\u0103.<\/p>\n","protected":false},"excerpt":{"rendered":"<p>O persoan\u0103<\/p>\n","protected":false},"author":1,"featured_media":0,"comment_status":"open","ping_status":"open","sticky":false,"template":"","format":"standard","meta":{"footnotes":""},"categories":[6],"tags":[],"class_list":["post-48791","post","type-post","status-publish","format-standard","hentry","category-breaking-news"],"_links":{"self":[{"href":"https:\/\/www.giurgiuveanul.ro\/stiri\/wp-json\/wp\/v2\/posts\/48791","targetHints":{"allow":["GET"]}}],"collection":[{"href":"https:\/\/www.giurgiuveanul.ro\/stiri\/wp-json\/wp\/v2\/posts"}],"about":[{"href":"https:\/\/www.giurgiuveanul.ro\/stiri\/wp-json\/wp\/v2\/types\/post"}],"author":[{"embeddable":true,"href":"https:\/\/www.giurgiuveanul.ro\/stiri\/wp-json\/wp\/v2\/users\/1"}],"replies":[{"embeddable":true,"href":"https:\/\/www.giurgiuveanul.ro\/stiri\/wp-json\/wp\/v2\/comments?post=48791"}],"version-history":[{"count":0,"href":"https:\/\/www.giurgiuveanul.ro\/stiri\/wp-json\/wp\/v2\/posts\/48791\/revisions"}],"wp:attachment":[{"href":"https:\/\/www.giurgiuveanul.ro\/stiri\/wp-json\/wp\/v2\/media?parent=48791"}],"wp:term":[{"taxonomy":"category","embeddable":true,"href":"https:\/\/www.giurgiuveanul.ro\/stiri\/wp-json\/wp\/v2\/categories?post=48791"},{"taxonomy":"post_tag","embeddable":true,"href":"https:\/\/www.giurgiuveanul.ro\/stiri\/wp-json\/wp\/v2\/tags?post=48791"}],"curies":[{"name":"wp","href":"https:\/\/api.w.org\/{rel}","templated":true}]}}