{"id":48809,"date":"2018-01-10T08:38:53","date_gmt":"2018-01-10T06:38:53","guid":{"rendered":"https:\/\/www.giurgiuveanul.ro\/stiri\/?p=48809"},"modified":"2018-01-10T14:12:19","modified_gmt":"2018-01-10T12:12:19","slug":"doua-magazine-au-fost-sparte-in-aceasta-noapte-hotii-au-furat-aparatele-pay-point","status":"publish","type":"post","link":"https:\/\/www.giurgiuveanul.ro\/stiri\/doua-magazine-au-fost-sparte-in-aceasta-noapte-hotii-au-furat-aparatele-pay-point\/","title":{"rendered":"Dou\u0103 supermarketuri au fost sparte \u00een aceast\u0103 noapte! Ho\u0163ii au furat un aparat pay point!"},"content":{"rendered":"<p style=\"text-align: justify;\"><a href=\"https:\/\/www.giurgiuveanul.ro\/stiri\/wp-content\/uploads\/2018\/01\/pay_point.jpg\"><img loading=\"lazy\" decoding=\"async\" class=\"aligncenter size-large wp-image-48810\" src=\"https:\/\/www.giurgiuveanul.ro\/stiri\/wp-content\/uploads\/2018\/01\/pay_point-341x450.jpg\" alt=\"pay_point\" width=\"341\" height=\"450\" srcset=\"https:\/\/www.giurgiuveanul.ro\/stiri\/wp-content\/uploads\/2018\/01\/pay_point-341x450.jpg 341w, https:\/\/www.giurgiuveanul.ro\/stiri\/wp-content\/uploads\/2018\/01\/pay_point-228x300.jpg 228w, https:\/\/www.giurgiuveanul.ro\/stiri\/wp-content\/uploads\/2018\/01\/pay_point-400x527.jpg 400w, https:\/\/www.giurgiuveanul.ro\/stiri\/wp-content\/uploads\/2018\/01\/pay_point.jpg 881w\" sizes=\"auto, (max-width: 341px) 100vw, 341px\" \/><\/a>Un grup infrac\u0163ional a spart \u00een aceast\u0103 noapte <!--more-->dou\u0103 magazine, respectiv \u201ePenny\u201d Market-ul de la Autogar\u0103, de unde au furat (cu totul) un aparat pay point, \u015fi \u201eProfi\u201d de la Malu, de unde au sustras bunuri.<\/p>\n<p style=\"text-align: justify;\">La \u201ePenny\u201d Market de la Autogar\u0103 opera\u0163iunea, mai exact timpul \u00een carea aparatul pay point a fost efectiv smuls, a durat doar&#8230; 12 secunde!<\/p>\n<p style=\"text-align: justify;\">De\u015fi ho\u0163ii au lucrat cu m\u0103nu\u015fi, oamenii legii spun c\u0103 au indicii \u015fi un cerc de suspec\u021bi fiind\u00a0doar o chestiune de timp p\u00e2n\u0103 vor fi prin\u015fi.<\/p>\n","protected":false},"excerpt":{"rendered":"<p>Un grup infrac\u0163ional a spart \u00een aceast\u0103 noapte<\/p>\n","protected":false},"author":1,"featured_media":0,"comment_status":"open","ping_status":"open","sticky":false,"template":"","format":"standard","meta":{"footnotes":""},"categories":[6],"tags":[],"class_list":["post-48809","post","type-post","status-publish","format-standard","hentry","category-breaking-news"],"_links":{"self":[{"href":"https:\/\/www.giurgiuveanul.ro\/stiri\/wp-json\/wp\/v2\/posts\/48809","targetHints":{"allow":["GET"]}}],"collection":[{"href":"https:\/\/www.giurgiuveanul.ro\/stiri\/wp-json\/wp\/v2\/posts"}],"about":[{"href":"https:\/\/www.giurgiuveanul.ro\/stiri\/wp-json\/wp\/v2\/types\/post"}],"author":[{"embeddable":true,"href":"https:\/\/www.giurgiuveanul.ro\/stiri\/wp-json\/wp\/v2\/users\/1"}],"replies":[{"embeddable":true,"href":"https:\/\/www.giurgiuveanul.ro\/stiri\/wp-json\/wp\/v2\/comments?post=48809"}],"version-history":[{"count":0,"href":"https:\/\/www.giurgiuveanul.ro\/stiri\/wp-json\/wp\/v2\/posts\/48809\/revisions"}],"wp:attachment":[{"href":"https:\/\/www.giurgiuveanul.ro\/stiri\/wp-json\/wp\/v2\/media?parent=48809"}],"wp:term":[{"taxonomy":"category","embeddable":true,"href":"https:\/\/www.giurgiuveanul.ro\/stiri\/wp-json\/wp\/v2\/categories?post=48809"},{"taxonomy":"post_tag","embeddable":true,"href":"https:\/\/www.giurgiuveanul.ro\/stiri\/wp-json\/wp\/v2\/tags?post=48809"}],"curies":[{"name":"wp","href":"https:\/\/api.w.org\/{rel}","templated":true}]}}