{"id":48838,"date":"2018-01-10T18:43:05","date_gmt":"2018-01-10T16:43:05","guid":{"rendered":"https:\/\/www.giurgiuveanul.ro\/stiri\/?p=48838"},"modified":"2018-01-10T19:22:24","modified_gmt":"2018-01-10T17:22:24","slug":"politia-in-alerta-spargatorii-celor-doua-supermarketuri-penny-giurgiu-si-profi-malu-au-mai-dat-inca-trei-lovituri","status":"publish","type":"post","link":"https:\/\/www.giurgiuveanul.ro\/stiri\/politia-in-alerta-spargatorii-celor-doua-supermarketuri-penny-giurgiu-si-profi-malu-au-mai-dat-inca-trei-lovituri\/","title":{"rendered":"POLI\u0162IA, \u00ceN ALERT\u0102! Sp\u0103rg\u0103torii celor dou\u0103 supermarketuri, \u201ePenny\u201d Giurgiu \u015fi \u201eProfi\u201d Malu&#8230; au mai dat \u00eenc\u0103 trei \u201elovituri\u201d!"},"content":{"rendered":"<p style=\"text-align: justify;\"><strong><a href=\"https:\/\/www.giurgiuveanul.ro\/stiri\/wp-content\/uploads\/2018\/01\/razie.jpg\"><img loading=\"lazy\" decoding=\"async\" class=\"aligncenter size-large wp-image-48839\" src=\"https:\/\/www.giurgiuveanul.ro\/stiri\/wp-content\/uploads\/2018\/01\/razie-560x315.jpg\" alt=\"razie\" width=\"560\" height=\"315\" srcset=\"https:\/\/www.giurgiuveanul.ro\/stiri\/wp-content\/uploads\/2018\/01\/razie-560x315.jpg 560w, https:\/\/www.giurgiuveanul.ro\/stiri\/wp-content\/uploads\/2018\/01\/razie-250x141.jpg 250w, https:\/\/www.giurgiuveanul.ro\/stiri\/wp-content\/uploads\/2018\/01\/razie-400x225.jpg 400w, https:\/\/www.giurgiuveanul.ro\/stiri\/wp-content\/uploads\/2018\/01\/razie.jpg 1920w\" sizes=\"auto, (max-width: 560px) 100vw, 560px\" \/><\/a>Sp\u0103rg\u0103torii celor dou\u0103 supermarketuri, din Giurgiu \u015fi Malu, <!--more-->au mai dat trei \u201elovituri\u201d, \u00een aceea\u015fi noapte, pe raza jude\u0163ului Telorman: este vorba despre &#8222;Penny&#8221; Zimnicea, &#8222;Penny&#8221; Alexandria \u015fi un magazin din localitatea Con\u0163e\u015fti.<\/strong><\/p>\n<p style=\"text-align: justify;\">Au fost studiate cu aten\u0163ie imaginile de pe camerele de supraveghere, se pare ca unul dintre cei doi\u00a0<em>(n.red. &#8211; atacatori)<\/em> are o constitu\u0163ie mai robust\u0103.<\/p>\n<p style=\"text-align: justify;\">\u00cen prezent, for\u0163ele de ordine din jude\u0163ele Giurgiu \u015fi Teleorman, respectiv Poli\u0163ie \u015fi Jandarmerie, sunt mobilizate.<\/p>\n<p style=\"text-align: justify;\">De asemenea, s-a solicitat sprijinul \u015fi celorlal\u0163i colegi din jude\u0163ele limitrofe.<\/p>\n<p style=\"text-align: justify;\">La cele cinci spargeri,\u00a0ho\u0163ii au folosit un autoturism cu numere de Anglia, \u00eens\u0103 este posibil ca ace\u015ftia s\u0103 mai aib\u0103 complici.<\/p>\n<p>Cet\u0103\u0163enii pot oferi am\u0103nunte la num\u0103rul 112, sub protec\u0163ia anonimatului.<\/p>\n<p>\u00cen fine, ordinea public\u0103 este \u00een continuare asigurat\u0103 pe str\u0103zile municipiului \u015fi pe raza \u00eentregului jude\u0163, cu efectivele obi\u015fnuite, chiar dac\u0103 poli\u0163i\u015ftii sunt angrena\u0163i \u00een aceast\u0103 anchet\u0103.<\/p>\n","protected":false},"excerpt":{"rendered":"<p>Sp\u0103rg\u0103torii celor dou\u0103 supermarketuri, din Giurgiu \u015fi Malu,<\/p>\n","protected":false},"author":1,"featured_media":0,"comment_status":"open","ping_status":"open","sticky":false,"template":"","format":"standard","meta":{"footnotes":""},"categories":[6],"tags":[],"class_list":["post-48838","post","type-post","status-publish","format-standard","hentry","category-breaking-news"],"_links":{"self":[{"href":"https:\/\/www.giurgiuveanul.ro\/stiri\/wp-json\/wp\/v2\/posts\/48838","targetHints":{"allow":["GET"]}}],"collection":[{"href":"https:\/\/www.giurgiuveanul.ro\/stiri\/wp-json\/wp\/v2\/posts"}],"about":[{"href":"https:\/\/www.giurgiuveanul.ro\/stiri\/wp-json\/wp\/v2\/types\/post"}],"author":[{"embeddable":true,"href":"https:\/\/www.giurgiuveanul.ro\/stiri\/wp-json\/wp\/v2\/users\/1"}],"replies":[{"embeddable":true,"href":"https:\/\/www.giurgiuveanul.ro\/stiri\/wp-json\/wp\/v2\/comments?post=48838"}],"version-history":[{"count":0,"href":"https:\/\/www.giurgiuveanul.ro\/stiri\/wp-json\/wp\/v2\/posts\/48838\/revisions"}],"wp:attachment":[{"href":"https:\/\/www.giurgiuveanul.ro\/stiri\/wp-json\/wp\/v2\/media?parent=48838"}],"wp:term":[{"taxonomy":"category","embeddable":true,"href":"https:\/\/www.giurgiuveanul.ro\/stiri\/wp-json\/wp\/v2\/categories?post=48838"},{"taxonomy":"post_tag","embeddable":true,"href":"https:\/\/www.giurgiuveanul.ro\/stiri\/wp-json\/wp\/v2\/tags?post=48838"}],"curies":[{"name":"wp","href":"https:\/\/api.w.org\/{rel}","templated":true}]}}