{"id":48844,"date":"2018-01-11T08:57:15","date_gmt":"2018-01-11T06:57:15","guid":{"rendered":"https:\/\/www.giurgiuveanul.ro\/stiri\/?p=48844"},"modified":"2018-01-11T08:57:15","modified_gmt":"2018-01-11T06:57:15","slug":"fara-precedent-la-gostinu-poprire-pe-pensia-unei-batrane-pentru-amenzile-nepotului","status":"publish","type":"post","link":"https:\/\/www.giurgiuveanul.ro\/stiri\/fara-precedent-la-gostinu-poprire-pe-pensia-unei-batrane-pentru-amenzile-nepotului\/","title":{"rendered":"F\u0103r\u0103 precedent la Gostinu. Poprire pe pensia unei b\u0103tr\u00e2ne pentru amenzile\u2026 nepotului!"},"content":{"rendered":"<p style=\"text-align: justify;\"><strong><a href=\"https:\/\/www.giurgiuveanul.ro\/stiri\/wp-content\/uploads\/2018\/01\/amenzi-circulatie.jpg\"><img loading=\"lazy\" decoding=\"async\" class=\"aligncenter size-large wp-image-48845\" src=\"https:\/\/www.giurgiuveanul.ro\/stiri\/wp-content\/uploads\/2018\/01\/amenzi-circulatie-560x382.jpg\" alt=\"amenzi-circulatie\" width=\"560\" height=\"382\" srcset=\"https:\/\/www.giurgiuveanul.ro\/stiri\/wp-content\/uploads\/2018\/01\/amenzi-circulatie-560x382.jpg 560w, https:\/\/www.giurgiuveanul.ro\/stiri\/wp-content\/uploads\/2018\/01\/amenzi-circulatie-250x171.jpg 250w, https:\/\/www.giurgiuveanul.ro\/stiri\/wp-content\/uploads\/2018\/01\/amenzi-circulatie-400x273.jpg 400w, https:\/\/www.giurgiuveanul.ro\/stiri\/wp-content\/uploads\/2018\/01\/amenzi-circulatie.jpg 800w\" sizes=\"auto, (max-width: 560px) 100vw, 560px\" \/><\/a>Situa\u021bie f\u0103r\u0103 precedent \u00eentr-o comun\u0103 din Giurgiu. O pensionar\u0103 de <!--more-->73 de ani din Gostinu s-a trezit din senin cu o poprire pe pensie, iar pe titlul executoriu figurau \u0219i amenzi de circula\u021bie neachitate, de\u0219i femeia nu a avut \u00een via\u021ba ei ma\u0219in\u0103 \u0219i nici permis de conducere.<\/strong><\/p>\n<p style=\"text-align: justify;\">Aproape 600 de lei avea de achitat b\u0103tr\u00e2na, iar organul fiscal din localitate a decis s\u0103 o execute \u00een mod nejustificat.<\/p>\n<p style=\"text-align: justify;\">Problema ne-a fost adus\u0103 la cuno\u0219tin\u021b\u0103 de c\u0103tre fiul b\u0103tr\u00e2nei, Marin Buducea.<\/p>\n<p style=\"text-align: justify;\"><em>\u201cS-a comis \u00een mod clar un abuz \u0219i \u00een acest sens am depus pl\u00e2ngeri la mai multe organe ale legii. Nu mi se pare normal ca mamei mele, Ioana P\u00eerlac, \u00a0s\u0103 i se impute amenzile fiului meu, iar c\u00e2nd le-am adus la cuno\u0219tin\u021b\u0103 acest lucru celor de la prim\u0103rie am fost jignit \u0219i mi s-a spus c\u0103 nu mi se va mai face buletin la Gostinu \u0219i voi fi dat afar\u0103 din sat. Totodat\u0103, abuzurile nu se opresc aici. Pentru ni\u0219te suprafe\u021be de teren pe care le de\u021bin pe persoan\u0103 fizic\u0103 eu \u0219i so\u021bia mea, mi s-a calculat impozit pe persoan\u0103 juridic\u0103, de\u0219i am avut o firm\u0103 care a fost radiat\u0103<\/em><em>\u201d,<\/em> acuz\u0103 Marin Buducea.<\/p>\n<p style=\"text-align: justify;\"><a href=\"https:\/\/www.giurgiuveanul.ro\/stiri\/wp-content\/uploads\/2018\/01\/dumitru-vacaru.jpg\"><img loading=\"lazy\" decoding=\"async\" class=\"aligncenter size-large wp-image-48846\" src=\"https:\/\/www.giurgiuveanul.ro\/stiri\/wp-content\/uploads\/2018\/01\/dumitru-vacaru-560x349.jpg\" alt=\"dumitru-vacaru\" width=\"560\" height=\"349\" srcset=\"https:\/\/www.giurgiuveanul.ro\/stiri\/wp-content\/uploads\/2018\/01\/dumitru-vacaru-560x349.jpg 560w, https:\/\/www.giurgiuveanul.ro\/stiri\/wp-content\/uploads\/2018\/01\/dumitru-vacaru-250x156.jpg 250w, https:\/\/www.giurgiuveanul.ro\/stiri\/wp-content\/uploads\/2018\/01\/dumitru-vacaru-400x249.jpg 400w, https:\/\/www.giurgiuveanul.ro\/stiri\/wp-content\/uploads\/2018\/01\/dumitru-vacaru.jpg 745w\" sizes=\"auto, (max-width: 560px) 100vw, 560px\" \/><\/a><\/p>\n<p style=\"text-align: justify;\">Chestionat asupra acestor nereguli, primarul <strong>Dumitru V\u0103caru <\/strong><em>(foto sus)<\/em> a recunoscut c\u0103 impunerea amenzilor a fost una la limita legii, argument\u00e2nd c\u0103 nu aveau cui s\u0103 impute amenzile respective, t\u00e2n\u0103rul neput\u00e2nd fi reperat din punct de vedere fiscal, a\u0219a c\u0103 au trimis un titlu executoriu pe numele bunicii acestuia.<\/p>\n<p style=\"text-align: justify;\"><em>\u201cAm dispus retragerea acelei sume din titlul executoriu. Recunoa<\/em><em>\u0219tem c\u0103 nu s-a procedat conform legii dar am solicitat s\u0103 se remedieze problema\u201d,<\/em> a explicat Dumitru V\u0103caru.<\/p>\n<p style=\"text-align: justify;\">\u00cens\u0103, \u00eentrebarea care se pune este dac\u0103 la Prim\u0103ria Gostinu se ac\u021bioneaz\u0103 \u00een spiritul legii \u0219i nu putem s\u0103 ne \u00eentreb\u0103m dac\u0103 acest derapaj este singular sau a avut loc \u0219i \u00een cazul altor cet\u0103\u021beni?<\/p>\n","protected":false},"excerpt":{"rendered":"<p>Situa\u021bie f\u0103r\u0103 precedent \u00eentr-o comun\u0103 din Giurgiu. O pensionar\u0103 de<\/p>\n","protected":false},"author":1,"featured_media":0,"comment_status":"open","ping_status":"open","sticky":false,"template":"","format":"standard","meta":{"footnotes":""},"categories":[6],"tags":[],"class_list":["post-48844","post","type-post","status-publish","format-standard","hentry","category-breaking-news"],"_links":{"self":[{"href":"https:\/\/www.giurgiuveanul.ro\/stiri\/wp-json\/wp\/v2\/posts\/48844","targetHints":{"allow":["GET"]}}],"collection":[{"href":"https:\/\/www.giurgiuveanul.ro\/stiri\/wp-json\/wp\/v2\/posts"}],"about":[{"href":"https:\/\/www.giurgiuveanul.ro\/stiri\/wp-json\/wp\/v2\/types\/post"}],"author":[{"embeddable":true,"href":"https:\/\/www.giurgiuveanul.ro\/stiri\/wp-json\/wp\/v2\/users\/1"}],"replies":[{"embeddable":true,"href":"https:\/\/www.giurgiuveanul.ro\/stiri\/wp-json\/wp\/v2\/comments?post=48844"}],"version-history":[{"count":0,"href":"https:\/\/www.giurgiuveanul.ro\/stiri\/wp-json\/wp\/v2\/posts\/48844\/revisions"}],"wp:attachment":[{"href":"https:\/\/www.giurgiuveanul.ro\/stiri\/wp-json\/wp\/v2\/media?parent=48844"}],"wp:term":[{"taxonomy":"category","embeddable":true,"href":"https:\/\/www.giurgiuveanul.ro\/stiri\/wp-json\/wp\/v2\/categories?post=48844"},{"taxonomy":"post_tag","embeddable":true,"href":"https:\/\/www.giurgiuveanul.ro\/stiri\/wp-json\/wp\/v2\/tags?post=48844"}],"curies":[{"name":"wp","href":"https:\/\/api.w.org\/{rel}","templated":true}]}}