{"id":48848,"date":"2018-01-11T10:13:22","date_gmt":"2018-01-11T08:13:22","guid":{"rendered":"https:\/\/www.giurgiuveanul.ro\/stiri\/?p=48848"},"modified":"2018-01-11T10:13:22","modified_gmt":"2018-01-11T08:13:22","slug":"doar-martori-ai-istoriei","status":"publish","type":"post","link":"https:\/\/www.giurgiuveanul.ro\/stiri\/doar-martori-ai-istoriei\/","title":{"rendered":"Doar martori ai istoriei&#8230; ?"},"content":{"rendered":"<p style=\"text-align: justify;\"><a href=\"https:\/\/www.giurgiuveanul.ro\/stiri\/wp-content\/uploads\/2018\/01\/Neintitulat.png\"><img loading=\"lazy\" decoding=\"async\" class=\"aligncenter size-large wp-image-48849\" src=\"https:\/\/www.giurgiuveanul.ro\/stiri\/wp-content\/uploads\/2018\/01\/Neintitulat-560x410.png\" alt=\"Neintitulat\" width=\"560\" height=\"410\" srcset=\"https:\/\/www.giurgiuveanul.ro\/stiri\/wp-content\/uploads\/2018\/01\/Neintitulat-560x410.png 560w, https:\/\/www.giurgiuveanul.ro\/stiri\/wp-content\/uploads\/2018\/01\/Neintitulat-250x183.png 250w, https:\/\/www.giurgiuveanul.ro\/stiri\/wp-content\/uploads\/2018\/01\/Neintitulat-400x293.png 400w, https:\/\/www.giurgiuveanul.ro\/stiri\/wp-content\/uploads\/2018\/01\/Neintitulat.png 800w\" sizes=\"auto, (max-width: 560px) 100vw, 560px\" \/><\/a>Am primit de la un amic <!--more-->un mesaj pe internet :&#8230;<strong><em>ce facem, c\u0103 guvernantii au dat dispozitie ca anul acesta s\u0103 nu facem uz de h\u0103r\u0163i care s\u0103 arate c\u00e2t de mare a fost Rom\u00e2nia cea adevarat\u0103?! <\/em><\/strong><strong><em>Mie-mi vine s\u0103 le zic, din st\u0103fundul bojocilor: Sictir!..<\/em><\/strong>.Am \u015ftiut din \u015fcoal\u0103 c\u0103 \u00a0ISTORIA, \u00eenainte de a fi o frumoas\u0103 POVESTE, este o \u015eTIIN\u0162\u0102! Nu avem ce face: am mu\u015fcat din m\u0103rul cunoa\u015fterii \u015fi am v\u0103zut c\u0103 e bun! Cu acest gust mereu proasp\u0103t al adev\u0103rului am recitit de c\u00e2teva ori \u015ftirea.<\/p>\n<p style=\"text-align: justify;\"><a href=\"https:\/\/www.giurgiuveanul.ro\/stiri\/wp-content\/uploads\/2018\/01\/Neintitulat-1.png\"><img loading=\"lazy\" decoding=\"async\" class=\"aligncenter size-large wp-image-48850\" src=\"https:\/\/www.giurgiuveanul.ro\/stiri\/wp-content\/uploads\/2018\/01\/Neintitulat-1-560x315.png\" alt=\"Neintitulat 1\" width=\"560\" height=\"315\" srcset=\"https:\/\/www.giurgiuveanul.ro\/stiri\/wp-content\/uploads\/2018\/01\/Neintitulat-1-560x315.png 560w, https:\/\/www.giurgiuveanul.ro\/stiri\/wp-content\/uploads\/2018\/01\/Neintitulat-1-250x141.png 250w, https:\/\/www.giurgiuveanul.ro\/stiri\/wp-content\/uploads\/2018\/01\/Neintitulat-1-400x225.png 400w, https:\/\/www.giurgiuveanul.ro\/stiri\/wp-content\/uploads\/2018\/01\/Neintitulat-1.png 800w\" sizes=\"auto, (max-width: 560px) 100vw, 560px\" \/><\/a><\/p>\n<p style=\"text-align: justify;\">N-a\u015f fi fost \u00eengrijorat dac\u0103 nu a\u015f fi aflat de la televiziune c\u0103\u00a0 UDMR, Partidul Popular Maghiar,PPM, \u015fi Partidul Civic Maghiar, PCM, au semnat la Cluj o luare de pozi\u0163ie comun\u0103 \u00een vederea alinierii conceptelor de autonomie ale celor trei forma\u0163iuni politice. Cer autonomie teritorial\u0103, local\u0103 \u015fi cultural\u0103!<\/p>\n<p style=\"text-align: justify;\">\u015ei asta dup\u0103 ce <strong>Deputatul UDMR Kulcs\u00e1r-Terza J\u00f3zsef-Gy\u00f6rgy a depus pe data de 22 decembrie 2017 un proiect de autonomie teritorial\u0103 a \u0163inutului secuiesc, care propune \u00een esen\u0163\u0103 revenirea la organizarea adminstrativ\u0103 pe scaune, un pre\u015fedinte, parlament \u015fi guvern propriu iar limba maghiar\u0103 recunoscut\u0103 ca limb\u0103 oficial\u0103 pe l\u00e2ng\u0103 rom\u00e2n\u0103. <\/strong><strong>Este al doilea proiect radical de autonomie, dup\u0103 o ini\u0163iativ\u0103 similar\u0103 prezentat\u0103 public \u00een septembrie 2014.<\/strong><\/p>\n<p style=\"text-align: justify;\"><strong>Stai \u015fi te-ntrebi dac\u0103 ceea ce se scrie este adev\u0103rat? Dac\u0103 se poate vorbi despre o pandemie a ideii de autonomie?<\/strong><\/p>\n<p style=\"text-align: justify;\"><strong>Acest lucru se petrece \u00een anul \u00een care\u00a0 Rom\u00e2nia se preg\u0103te\u015fte de Centenarul Marii Uniri! \u00cen acest an pre\u015fedintele Ungariei a interzis tuturor ambasadorilor unguri de a participa la festivit\u0103\u0163i dedicate evenimentului nostru \u015fi a ini\u0163iat proiectul Trianon 100. Ridicol, arogan\u0163\u0103 revan\u015fard\u0103, sfidarea adev\u0103rului istoric?<\/strong><\/p>\n<p style=\"text-align: justify;\"><strong>Se petrec toate astea c\u00e2nd coali\u0163ia de guvernare \u00ee\u015fi ia \u00een parlament sprijinul unor oameni care g\u00e2ndesc astfel \u00een Rom\u00e2nia anului 2018.<\/strong><\/p>\n<p style=\"text-align: justify;\"><strong>Po\u0163i fi doar martor al istoriei?<\/strong><\/p>\n<p style=\"text-align: justify;\"><strong>Nu doar Basarabia este misiunea noastr\u0103 istoric\u0103, ci Rom\u00e2nia \u00eentreag\u0103. Grij\u0103 la ce \u0163ar\u0103 l\u0103s\u0103m copiilor \u015fi nepo\u0163ilor no\u015ftri!<\/strong><\/p>\n<p style=\"text-align: justify;\"><strong>\u00a0<\/strong><\/p>\n<p style=\"text-align: justify;\"><em><strong>Prof. Gheorghe CALOT\u0102<\/strong><\/em><\/p>\n<p style=\"text-align: justify;\"><em>Not\u0103: Harta Rom\u00e2niei medievale \u015fi de ast\u0103zi le-am am luat de pe internet.<\/em><\/p>\n","protected":false},"excerpt":{"rendered":"<p>Am primit de la un amic<\/p>\n","protected":false},"author":1,"featured_media":0,"comment_status":"open","ping_status":"open","sticky":false,"template":"","format":"standard","meta":{"footnotes":""},"categories":[21],"tags":[],"class_list":["post-48848","post","type-post","status-publish","format-standard","hentry","category-opinia-mea"],"_links":{"self":[{"href":"https:\/\/www.giurgiuveanul.ro\/stiri\/wp-json\/wp\/v2\/posts\/48848","targetHints":{"allow":["GET"]}}],"collection":[{"href":"https:\/\/www.giurgiuveanul.ro\/stiri\/wp-json\/wp\/v2\/posts"}],"about":[{"href":"https:\/\/www.giurgiuveanul.ro\/stiri\/wp-json\/wp\/v2\/types\/post"}],"author":[{"embeddable":true,"href":"https:\/\/www.giurgiuveanul.ro\/stiri\/wp-json\/wp\/v2\/users\/1"}],"replies":[{"embeddable":true,"href":"https:\/\/www.giurgiuveanul.ro\/stiri\/wp-json\/wp\/v2\/comments?post=48848"}],"version-history":[{"count":0,"href":"https:\/\/www.giurgiuveanul.ro\/stiri\/wp-json\/wp\/v2\/posts\/48848\/revisions"}],"wp:attachment":[{"href":"https:\/\/www.giurgiuveanul.ro\/stiri\/wp-json\/wp\/v2\/media?parent=48848"}],"wp:term":[{"taxonomy":"category","embeddable":true,"href":"https:\/\/www.giurgiuveanul.ro\/stiri\/wp-json\/wp\/v2\/categories?post=48848"},{"taxonomy":"post_tag","embeddable":true,"href":"https:\/\/www.giurgiuveanul.ro\/stiri\/wp-json\/wp\/v2\/tags?post=48848"}],"curies":[{"name":"wp","href":"https:\/\/api.w.org\/{rel}","templated":true}]}}