{"id":48859,"date":"2018-01-11T11:07:07","date_gmt":"2018-01-11T09:07:07","guid":{"rendered":"https:\/\/www.giurgiuveanul.ro\/stiri\/?p=48859"},"modified":"2018-01-11T11:31:19","modified_gmt":"2018-01-11T09:31:19","slug":"sediul-rar-din-giurgiu-fost-spart-de-hoti-in-prezent-activitatea-cu-publicul-fost-oprita-foto","status":"publish","type":"post","link":"https:\/\/www.giurgiuveanul.ro\/stiri\/sediul-rar-din-giurgiu-fost-spart-de-hoti-in-prezent-activitatea-cu-publicul-fost-oprita-foto\/","title":{"rendered":"Sediul RAR din Giurgiu a fost spart de ho\u0163i. \u00cen prezent, activitatea cu publicul a fost oprit\u0103! (FOTO)"},"content":{"rendered":"<p style=\"text-align: justify;\"><strong><a href=\"https:\/\/www.giurgiuveanul.ro\/stiri\/wp-content\/uploads\/2018\/01\/IMG_2401.jpg\"><img loading=\"lazy\" decoding=\"async\" class=\"aligncenter size-large wp-image-48860\" src=\"https:\/\/www.giurgiuveanul.ro\/stiri\/wp-content\/uploads\/2018\/01\/IMG_2401-546x450.jpg\" alt=\"IMG_2401\" width=\"546\" height=\"450\" srcset=\"https:\/\/www.giurgiuveanul.ro\/stiri\/wp-content\/uploads\/2018\/01\/IMG_2401-546x450.jpg 546w, https:\/\/www.giurgiuveanul.ro\/stiri\/wp-content\/uploads\/2018\/01\/IMG_2401-250x206.jpg 250w, https:\/\/www.giurgiuveanul.ro\/stiri\/wp-content\/uploads\/2018\/01\/IMG_2401-400x330.jpg 400w, https:\/\/www.giurgiuveanul.ro\/stiri\/wp-content\/uploads\/2018\/01\/IMG_2401.jpg 800w\" sizes=\"auto, (max-width: 546px) 100vw, 546px\" \/><\/a>Sediul Registrului Auto Rom\u00e2n (RAR) Giurgiu, de pe \u015foseaua Bucure\u015fti, a fost spart.<\/strong><\/p>\n<p style=\"text-align: justify;\">Poli\u0163i\u015ftii giurgiuveni <!--more-->preleveaz\u0103 probe si vor sta de vorba cu angaja\u0163ii si cu conducerea RAR pentru a stabili ce s-a furat.<\/p>\n<p style=\"text-align: justify;\"><a href=\"https:\/\/www.giurgiuveanul.ro\/stiri\/wp-content\/uploads\/2018\/01\/IMG_2398.jpg\"><img loading=\"lazy\" decoding=\"async\" class=\"aligncenter size-large wp-image-48861\" src=\"https:\/\/www.giurgiuveanul.ro\/stiri\/wp-content\/uploads\/2018\/01\/IMG_2398-560x393.jpg\" alt=\"IMG_2398\" width=\"560\" height=\"393\" srcset=\"https:\/\/www.giurgiuveanul.ro\/stiri\/wp-content\/uploads\/2018\/01\/IMG_2398-560x393.jpg 560w, https:\/\/www.giurgiuveanul.ro\/stiri\/wp-content\/uploads\/2018\/01\/IMG_2398-250x175.jpg 250w, https:\/\/www.giurgiuveanul.ro\/stiri\/wp-content\/uploads\/2018\/01\/IMG_2398-400x281.jpg 400w, https:\/\/www.giurgiuveanul.ro\/stiri\/wp-content\/uploads\/2018\/01\/IMG_2398.jpg 800w\" sizes=\"auto, (max-width: 560px) 100vw, 560px\" \/><\/a><\/p>\n<p style=\"text-align: justify;\">\u00cen prezent, activitatea cu publicul a fost oprit\u0103!<\/p>\n<p style=\"text-align: justify;\">Vom reveni cu am\u0103nunte.<\/p>\n<p style=\"text-align: justify;\"><em>N.R. Potrivit surselor noastre, aceast\u0103 spargere nu are leg\u0103tur\u0103 cu cele date la supermarketuri. Ho\u0163ii au spart caseria.<\/em><\/p>\n","protected":false},"excerpt":{"rendered":"<p>Sediul Registrului Auto Rom\u00e2n (RAR) Giurgiu, de pe \u015foseaua Bucure\u015fti, a fost spart. Poli\u0163i\u015ftii giurgiuveni<\/p>\n","protected":false},"author":1,"featured_media":0,"comment_status":"open","ping_status":"open","sticky":false,"template":"","format":"standard","meta":{"footnotes":""},"categories":[6],"tags":[],"class_list":["post-48859","post","type-post","status-publish","format-standard","hentry","category-breaking-news"],"_links":{"self":[{"href":"https:\/\/www.giurgiuveanul.ro\/stiri\/wp-json\/wp\/v2\/posts\/48859","targetHints":{"allow":["GET"]}}],"collection":[{"href":"https:\/\/www.giurgiuveanul.ro\/stiri\/wp-json\/wp\/v2\/posts"}],"about":[{"href":"https:\/\/www.giurgiuveanul.ro\/stiri\/wp-json\/wp\/v2\/types\/post"}],"author":[{"embeddable":true,"href":"https:\/\/www.giurgiuveanul.ro\/stiri\/wp-json\/wp\/v2\/users\/1"}],"replies":[{"embeddable":true,"href":"https:\/\/www.giurgiuveanul.ro\/stiri\/wp-json\/wp\/v2\/comments?post=48859"}],"version-history":[{"count":0,"href":"https:\/\/www.giurgiuveanul.ro\/stiri\/wp-json\/wp\/v2\/posts\/48859\/revisions"}],"wp:attachment":[{"href":"https:\/\/www.giurgiuveanul.ro\/stiri\/wp-json\/wp\/v2\/media?parent=48859"}],"wp:term":[{"taxonomy":"category","embeddable":true,"href":"https:\/\/www.giurgiuveanul.ro\/stiri\/wp-json\/wp\/v2\/categories?post=48859"},{"taxonomy":"post_tag","embeddable":true,"href":"https:\/\/www.giurgiuveanul.ro\/stiri\/wp-json\/wp\/v2\/tags?post=48859"}],"curies":[{"name":"wp","href":"https:\/\/api.w.org\/{rel}","templated":true}]}}