{"id":48872,"date":"2018-01-11T18:41:09","date_gmt":"2018-01-11T16:41:09","guid":{"rendered":"https:\/\/www.giurgiuveanul.ro\/stiri\/?p=48872"},"modified":"2018-01-11T18:41:09","modified_gmt":"2018-01-11T16:41:09","slug":"accident-pe-dn-5-s-a-rasturnat-cu-masina-pe-camp","status":"publish","type":"post","link":"https:\/\/www.giurgiuveanul.ro\/stiri\/accident-pe-dn-5-s-a-rasturnat-cu-masina-pe-camp\/","title":{"rendered":"ACCIDENT pe DN 5. S-a r\u0103sturnat cu ma\u0219ina pe c\u00e2mp"},"content":{"rendered":"<p style=\"text-align: justify;\"><a href=\"https:\/\/www.giurgiuveanul.ro\/stiri\/wp-content\/uploads\/2018\/01\/112-accident-rutier-cu-mai-multe-victime-in-vi-eu-de-sus.jpg\"><img loading=\"lazy\" decoding=\"async\" class=\"aligncenter size-large wp-image-48763\" src=\"https:\/\/www.giurgiuveanul.ro\/stiri\/wp-content\/uploads\/2018\/01\/112-accident-rutier-cu-mai-multe-victime-in-vi-eu-de-sus-560x371.jpg\" alt=\"112-accident-rutier-cu-mai-multe-victime-in-vi-eu-de-sus\" width=\"560\" height=\"371\" srcset=\"https:\/\/www.giurgiuveanul.ro\/stiri\/wp-content\/uploads\/2018\/01\/112-accident-rutier-cu-mai-multe-victime-in-vi-eu-de-sus-560x371.jpg 560w, https:\/\/www.giurgiuveanul.ro\/stiri\/wp-content\/uploads\/2018\/01\/112-accident-rutier-cu-mai-multe-victime-in-vi-eu-de-sus-250x166.jpg 250w, https:\/\/www.giurgiuveanul.ro\/stiri\/wp-content\/uploads\/2018\/01\/112-accident-rutier-cu-mai-multe-victime-in-vi-eu-de-sus-400x265.jpg 400w, https:\/\/www.giurgiuveanul.ro\/stiri\/wp-content\/uploads\/2018\/01\/112-accident-rutier-cu-mai-multe-victime-in-vi-eu-de-sus.jpg 800w\" sizes=\"auto, (max-width: 560px) 100vw, 560px\" \/><\/a>Un cet\u0103\u021bean bulgar, \u00een v\u00e2rst\u0103 de 37 de ani, a <!--more-->fost, azi noapte, victima unui accident de circula\u021bie care a avut loc pe DN5. Aflat la volanul unui Ford, \u00een timp ce se deplasa dinspre Bucure\u0219ti c\u0103tre Giurgiu, la sensul giratoriu de la ie\u0219ire din Daia, din cauza neadapt\u0103rii vitezei la condi\u021biile de drum, respectiv carosabil umed, acesta a pierdut controlul volanului si s-a r\u0103sturnat cu autoturismul \u00een afara p\u0103r\u021bii carosabile, pe c\u00e2mp.<\/p>\n<p style=\"text-align: justify;\">\u0218oferul a fost r\u0103nit u\u0219or, fiind transportat la spital pentru acordarea de \u00eengrijiri medicale.<\/p>\n<p style=\"text-align: justify;\">Cet\u0103\u021beanul bulgar a fost testat alcooltest, rezultatul fiind negativ.<\/p>\n<p style=\"text-align: justify;\">\u00cen cauz\u0103 a fost \u00eentocmit dosar penal pentru v\u0103t\u0103mare corporal\u0103 din culp\u0103.<\/p>\n","protected":false},"excerpt":{"rendered":"<p>Un cet\u0103\u021bean bulgar, \u00een v\u00e2rst\u0103 de 37 de ani, a<\/p>\n","protected":false},"author":1,"featured_media":0,"comment_status":"open","ping_status":"open","sticky":false,"template":"","format":"standard","meta":{"footnotes":""},"categories":[6],"tags":[],"class_list":["post-48872","post","type-post","status-publish","format-standard","hentry","category-breaking-news"],"_links":{"self":[{"href":"https:\/\/www.giurgiuveanul.ro\/stiri\/wp-json\/wp\/v2\/posts\/48872","targetHints":{"allow":["GET"]}}],"collection":[{"href":"https:\/\/www.giurgiuveanul.ro\/stiri\/wp-json\/wp\/v2\/posts"}],"about":[{"href":"https:\/\/www.giurgiuveanul.ro\/stiri\/wp-json\/wp\/v2\/types\/post"}],"author":[{"embeddable":true,"href":"https:\/\/www.giurgiuveanul.ro\/stiri\/wp-json\/wp\/v2\/users\/1"}],"replies":[{"embeddable":true,"href":"https:\/\/www.giurgiuveanul.ro\/stiri\/wp-json\/wp\/v2\/comments?post=48872"}],"version-history":[{"count":0,"href":"https:\/\/www.giurgiuveanul.ro\/stiri\/wp-json\/wp\/v2\/posts\/48872\/revisions"}],"wp:attachment":[{"href":"https:\/\/www.giurgiuveanul.ro\/stiri\/wp-json\/wp\/v2\/media?parent=48872"}],"wp:term":[{"taxonomy":"category","embeddable":true,"href":"https:\/\/www.giurgiuveanul.ro\/stiri\/wp-json\/wp\/v2\/categories?post=48872"},{"taxonomy":"post_tag","embeddable":true,"href":"https:\/\/www.giurgiuveanul.ro\/stiri\/wp-json\/wp\/v2\/tags?post=48872"}],"curies":[{"name":"wp","href":"https:\/\/api.w.org\/{rel}","templated":true}]}}