{"id":48890,"date":"2018-01-12T08:52:31","date_gmt":"2018-01-12T06:52:31","guid":{"rendered":"https:\/\/www.giurgiuveanul.ro\/stiri\/?p=48890"},"modified":"2018-01-12T08:52:31","modified_gmt":"2018-01-12T06:52:31","slug":"mii-de-posturi-scoase-la-concurs-in-mai","status":"publish","type":"post","link":"https:\/\/www.giurgiuveanul.ro\/stiri\/mii-de-posturi-scoase-la-concurs-in-mai\/","title":{"rendered":"Mii de posturi, scoase la concurs, \u00een MAI!"},"content":{"rendered":"<p style=\"text-align: justify;\"><a href=\"https:\/\/www.giurgiuveanul.ro\/stiri\/wp-content\/uploads\/2018\/01\/1-angajari-in-politie-peste-700-de-posturi-scoase-la-concurs.jpg\"><img loading=\"lazy\" decoding=\"async\" class=\"aligncenter size-large wp-image-48891\" src=\"https:\/\/www.giurgiuveanul.ro\/stiri\/wp-content\/uploads\/2018\/01\/1-angajari-in-politie-peste-700-de-posturi-scoase-la-concurs-560x372.jpg\" alt=\"1-angajari-in-politie-peste-700-de-posturi-scoase-la-concurs\" width=\"560\" height=\"372\" srcset=\"https:\/\/www.giurgiuveanul.ro\/stiri\/wp-content\/uploads\/2018\/01\/1-angajari-in-politie-peste-700-de-posturi-scoase-la-concurs-560x372.jpg 560w, https:\/\/www.giurgiuveanul.ro\/stiri\/wp-content\/uploads\/2018\/01\/1-angajari-in-politie-peste-700-de-posturi-scoase-la-concurs-250x166.jpg 250w, https:\/\/www.giurgiuveanul.ro\/stiri\/wp-content\/uploads\/2018\/01\/1-angajari-in-politie-peste-700-de-posturi-scoase-la-concurs-400x266.jpg 400w, https:\/\/www.giurgiuveanul.ro\/stiri\/wp-content\/uploads\/2018\/01\/1-angajari-in-politie-peste-700-de-posturi-scoase-la-concurs.jpg 650w\" sizes=\"auto, (max-width: 560px) 100vw, 560px\" \/><\/a>Carmen Dan, ministrul de Interne,<!--more--> a anun\u0163at recent c\u0103 Ministerul Afacerilor Interne va angaja \u00een acest an aproximativ 6.000 de oameni, ad\u0103ug\u00e2nd c\u0103 se dore\u015fte ca \u00een cel mult patru ani s\u0103 se poat\u0103 acoperi deficitul de 23.000 de oameni.<\/p>\n<p style=\"text-align: justify;\"><em>\u201e\u00cen 2018 vom avea al\u0103turi de noi, \u00een marea familie a ministerului, aproximativ 6.000 de noi angaja\u0163i. Este o strategie pe care trebuie s\u0103 o urm\u0103m cu insisten\u0163\u0103, pentru c\u0103 eu \u00eemi doresc \u00een trei &#8211; patru ani cel mult s\u0103 reu\u015fim s\u0103 acoperim deficitul uria\u015f de 23.000 de oameni pe care \u00eel avem. \u00cemi face bucurie s\u0103 vorbesc despre dotare; e important s\u0103 spun c\u0103 \u00een acest an vom avea buget cu 70% mai mare pentru acest capitol\u201c,<\/em> a declarat Carmen Dan.<\/p>\n","protected":false},"excerpt":{"rendered":"<p>Carmen Dan, ministrul de Interne,<\/p>\n","protected":false},"author":1,"featured_media":0,"comment_status":"open","ping_status":"open","sticky":false,"template":"","format":"standard","meta":{"footnotes":""},"categories":[6],"tags":[],"class_list":["post-48890","post","type-post","status-publish","format-standard","hentry","category-breaking-news"],"_links":{"self":[{"href":"https:\/\/www.giurgiuveanul.ro\/stiri\/wp-json\/wp\/v2\/posts\/48890","targetHints":{"allow":["GET"]}}],"collection":[{"href":"https:\/\/www.giurgiuveanul.ro\/stiri\/wp-json\/wp\/v2\/posts"}],"about":[{"href":"https:\/\/www.giurgiuveanul.ro\/stiri\/wp-json\/wp\/v2\/types\/post"}],"author":[{"embeddable":true,"href":"https:\/\/www.giurgiuveanul.ro\/stiri\/wp-json\/wp\/v2\/users\/1"}],"replies":[{"embeddable":true,"href":"https:\/\/www.giurgiuveanul.ro\/stiri\/wp-json\/wp\/v2\/comments?post=48890"}],"version-history":[{"count":0,"href":"https:\/\/www.giurgiuveanul.ro\/stiri\/wp-json\/wp\/v2\/posts\/48890\/revisions"}],"wp:attachment":[{"href":"https:\/\/www.giurgiuveanul.ro\/stiri\/wp-json\/wp\/v2\/media?parent=48890"}],"wp:term":[{"taxonomy":"category","embeddable":true,"href":"https:\/\/www.giurgiuveanul.ro\/stiri\/wp-json\/wp\/v2\/categories?post=48890"},{"taxonomy":"post_tag","embeddable":true,"href":"https:\/\/www.giurgiuveanul.ro\/stiri\/wp-json\/wp\/v2\/tags?post=48890"}],"curies":[{"name":"wp","href":"https:\/\/api.w.org\/{rel}","templated":true}]}}