{"id":48894,"date":"2018-01-12T16:33:41","date_gmt":"2018-01-12T14:33:41","guid":{"rendered":"https:\/\/www.giurgiuveanul.ro\/stiri\/?p=48894"},"modified":"2018-01-12T16:33:41","modified_gmt":"2018-01-12T14:33:41","slug":"cetatean-turc-cu-documentul-altei-persoane-depistat-la-p-t-f-giurgiu","status":"publish","type":"post","link":"https:\/\/www.giurgiuveanul.ro\/stiri\/cetatean-turc-cu-documentul-altei-persoane-depistat-la-p-t-f-giurgiu\/","title":{"rendered":"Cet\u0103\u021bean turc cu documentul altei persoane, depistat la P.T.F. Giurgiu"},"content":{"rendered":"<p style=\"text-align: justify;\"><strong><a href=\"https:\/\/www.giurgiuveanul.ro\/stiri\/wp-content\/uploads\/2018\/01\/1515744934232-giurgiu-S4.jpg\"><img loading=\"lazy\" decoding=\"async\" class=\"aligncenter size-large wp-image-48895\" src=\"https:\/\/www.giurgiuveanul.ro\/stiri\/wp-content\/uploads\/2018\/01\/1515744934232-giurgiu-S4-560x336.jpg\" alt=\"1515744934232-giurgiu-S4\" width=\"560\" height=\"336\" srcset=\"https:\/\/www.giurgiuveanul.ro\/stiri\/wp-content\/uploads\/2018\/01\/1515744934232-giurgiu-S4-560x336.jpg 560w, https:\/\/www.giurgiuveanul.ro\/stiri\/wp-content\/uploads\/2018\/01\/1515744934232-giurgiu-S4-250x150.jpg 250w, https:\/\/www.giurgiuveanul.ro\/stiri\/wp-content\/uploads\/2018\/01\/1515744934232-giurgiu-S4-400x240.jpg 400w, https:\/\/www.giurgiuveanul.ro\/stiri\/wp-content\/uploads\/2018\/01\/1515744934232-giurgiu-S4.jpg 1200w\" sizes=\"auto, (max-width: 560px) 100vw, 560px\" \/><\/a>Poli\u0163i\u015ftii de frontier\u0103 din cadrul I.T.P.F. Giurgiu<!--more--> au depistat un cet\u0103\u0163ean turc care a \u00eencercat s\u0103 intre ilegal \u00een \u0163ar\u0103 folosind o carte de identitate eliberat\u0103 de autorit\u0103\u021bile bulgare, apar\u021bin\u00e2nd altei persoane.<\/strong><\/p>\n<p style=\"text-align: justify;\">\u00cen data de 11.01.2018, \u00een jurul orei 22.30, la Punctul de Trecere a Frontierei Giurgiu s-a prezentat pentru a intra \u00een \u0163ar\u0103, ca pasager \u00eentr-un autoturism, un b\u0103rbat care a prezentat la controlul de frontier\u0103 o carte de identitate eliberat\u0103 de autorit\u0103\u021bile bulgare.<\/p>\n<p style=\"text-align: justify;\">Proced\u00e2nd la verificarea documentului, poli\u0163i\u015ftii de frontier\u0103 au constatat c\u0103 persoana prezent\u0103 la control nu este una \u0219i aceea\u0219i cu cea din fotografia c\u0103r\u021bii de identitate, motiv pentru care s-au efectuat verific\u0103ri suplimentare.<\/p>\n<p style=\"text-align: justify;\">Astfel, poli\u021bi\u0219tii de frontier\u0103 au stabilit c\u0103 persoana \u00een cauz\u0103 este cet\u0103\u021beanul turc Y.K., \u00een v\u00e2rst\u0103 de 30 de ani. Fa\u0163\u0103 de cele constatate, b\u0103rbatul a declarat c\u0103 a \u00a0procurat cartea de identitate bulg\u0103reasc\u0103 din Ankara &#8211; Turcia, contra sumei de 1.000 dolari \u015fi a recurs la aceast\u0103 metod\u0103 deoarece dorea s\u0103 ajung\u0103 \u00een Germania pentru a se angaja.<\/p>\n<p style=\"text-align: justify;\">Poli\u0163i\u015ftii de frontier\u0103 au procedat la \u00eentreruperea c\u0103l\u0103toriei persoanei \u00een cauz\u0103, iar conform protocolului rom\u00e2no-bulgar aceasta a fost preluat\u0103 de autorit\u0103\u0163ile bulgare \u00een vederea continu\u0103rii cercet\u0103rilor \u015fi lu\u0103rii m\u0103surilor legale ce se impun.<\/p>\n","protected":false},"excerpt":{"rendered":"<p>Poli\u0163i\u015ftii de frontier\u0103 din cadrul I.T.P.F. Giurgiu<\/p>\n","protected":false},"author":1,"featured_media":0,"comment_status":"open","ping_status":"open","sticky":false,"template":"","format":"standard","meta":{"footnotes":""},"categories":[6],"tags":[],"class_list":["post-48894","post","type-post","status-publish","format-standard","hentry","category-breaking-news"],"_links":{"self":[{"href":"https:\/\/www.giurgiuveanul.ro\/stiri\/wp-json\/wp\/v2\/posts\/48894","targetHints":{"allow":["GET"]}}],"collection":[{"href":"https:\/\/www.giurgiuveanul.ro\/stiri\/wp-json\/wp\/v2\/posts"}],"about":[{"href":"https:\/\/www.giurgiuveanul.ro\/stiri\/wp-json\/wp\/v2\/types\/post"}],"author":[{"embeddable":true,"href":"https:\/\/www.giurgiuveanul.ro\/stiri\/wp-json\/wp\/v2\/users\/1"}],"replies":[{"embeddable":true,"href":"https:\/\/www.giurgiuveanul.ro\/stiri\/wp-json\/wp\/v2\/comments?post=48894"}],"version-history":[{"count":0,"href":"https:\/\/www.giurgiuveanul.ro\/stiri\/wp-json\/wp\/v2\/posts\/48894\/revisions"}],"wp:attachment":[{"href":"https:\/\/www.giurgiuveanul.ro\/stiri\/wp-json\/wp\/v2\/media?parent=48894"}],"wp:term":[{"taxonomy":"category","embeddable":true,"href":"https:\/\/www.giurgiuveanul.ro\/stiri\/wp-json\/wp\/v2\/categories?post=48894"},{"taxonomy":"post_tag","embeddable":true,"href":"https:\/\/www.giurgiuveanul.ro\/stiri\/wp-json\/wp\/v2\/tags?post=48894"}],"curies":[{"name":"wp","href":"https:\/\/api.w.org\/{rel}","templated":true}]}}