{"id":48897,"date":"2018-01-12T16:52:59","date_gmt":"2018-01-12T14:52:59","guid":{"rendered":"https:\/\/www.giurgiuveanul.ro\/stiri\/?p=48897"},"modified":"2018-01-12T16:52:59","modified_gmt":"2018-01-12T14:52:59","slug":"ultima-ora-informare-meteo-pentru-giurgiu","status":"publish","type":"post","link":"https:\/\/www.giurgiuveanul.ro\/stiri\/ultima-ora-informare-meteo-pentru-giurgiu\/","title":{"rendered":"ULTIMA OR\u0102! Informare meteo pentru Giurgiu"},"content":{"rendered":"<p style=\"text-align: justify;\"><strong><a href=\"https:\/\/www.giurgiuveanul.ro\/stiri\/wp-content\/uploads\/2018\/01\/alerta-meteo-foto-simbol-465x390.jpg\"><img loading=\"lazy\" decoding=\"async\" class=\"aligncenter size-large wp-image-48898\" src=\"https:\/\/www.giurgiuveanul.ro\/stiri\/wp-content\/uploads\/2018\/01\/alerta-meteo-foto-simbol-465x390-560x359.jpg\" alt=\"alerta-meteo-foto-simbol-465x390\" width=\"560\" height=\"359\" srcset=\"https:\/\/www.giurgiuveanul.ro\/stiri\/wp-content\/uploads\/2018\/01\/alerta-meteo-foto-simbol-465x390-560x359.jpg 560w, https:\/\/www.giurgiuveanul.ro\/stiri\/wp-content\/uploads\/2018\/01\/alerta-meteo-foto-simbol-465x390-250x160.jpg 250w, https:\/\/www.giurgiuveanul.ro\/stiri\/wp-content\/uploads\/2018\/01\/alerta-meteo-foto-simbol-465x390-400x257.jpg 400w, https:\/\/www.giurgiuveanul.ro\/stiri\/wp-content\/uploads\/2018\/01\/alerta-meteo-foto-simbol-465x390.jpg 605w\" sizes=\"auto, (max-width: 560px) 100vw, 560px\" \/><\/a>Administra\u0163ia Na\u0163ional\u0103 de Meteorologie a emis,<!--more--> vineri, o informare meteo de v\u00e2nt, lapovi\u0163\u0103, ninsoare \u015fi r\u0103cire accentuat\u0103 a vremii, valabil\u0103 de vineri seara p\u00e2n\u0103 duminic\u0103 dup\u0103-amiaza, \u00een \u00eentreaga \u0163ar\u0103.<\/strong><\/p>\n<p style=\"text-align: justify;\">Potrivit meteorologilor, \u00een intervalul 12 ianuarie, ora 22:00 &#8211; 14 ianuarie, ora 16:00, v\u00e2ntul se va intensifica treptat, \u00eencep\u00e2nd din cursul nop\u0163ii de vineri spre s\u00e2mb\u0103t\u0103 (12\/13 ianuarie), la \u00eenceput \u00een regiunile sudice \u015fi la munte, iar pe parcursul zilei de s\u00e2mb\u0103t\u0103 (13 ianuarie) local \u015fi \u00een centrul \u015fi nord-vestul \u0163\u0103rii. \u00cen zonele respective se vor \u00eenregistra viteze la rafal\u0103 de 45 &#8211; 55 km\/h, mai mari pe litoral \u015fi \u00een sudul Banatului, de p\u00e2n\u0103 la 60 &#8211; 70 km\/h.<\/p>\n<p style=\"text-align: justify;\">Duminica, 14 ianuarie, intensific\u0103ri temporare ale v\u00e2ntului vor mai fi \u00een Dobrogea, mai ales \u00een zona litoralului, sudul Banatului \u015fi, local, \u00een Muntenia.<\/p>\n<p style=\"text-align: justify;\">Din cursul nop\u0163ii de vineri (12 ianuarie) \u015fi p\u00e2n\u0103 \u00een diminea\u0163a zilei de duminic\u0103 (14 ianuarie), temporar se vor semnala precipita\u0163ii slabe cantitativ \u00een majoritatea regiunilor. Acestea vor fi predominat sub form\u0103 de ninsoare \u00een Oltenia, Transilvania \u015fi pe arii restr\u00e2nse \u00een Muntenia, mai ales lapovi\u0163\u0103 \u015fi ninsoare \u00een Dobrogea, Banat \u015fi Cri\u015fana, iar local la munte \u015fi \u00een Moldova va ninge. Se va forma polei sau ghe\u0163u\u015f.<\/p>\n<p style=\"text-align: justify;\">Totodat\u0103, ninsori slabe cantitativ vor mai fi pe parcursul zilei de duminic\u0103 pe litoral, sud-vestul Olteniei \u015fi sudul Banatului.<\/p>\n<p style=\"text-align: justify;\">\u00cen intervalul men\u0163ionat, vremea se va r\u0103ci, astfel c\u0103 duminic\u0103 temperaturile maxime vor fi preponderent negative, iar nop\u0163ile de la \u00eenceputul s\u0103pt\u0103m\u00e2nii viitoare vor fi geroase \u00eendeosebi \u00een nordul, nord-estul \u015fi centrul \u0163\u0103rii.<\/p>\n","protected":false},"excerpt":{"rendered":"<p>Administra\u0163ia Na\u0163ional\u0103 de Meteorologie a emis,<\/p>\n","protected":false},"author":1,"featured_media":0,"comment_status":"open","ping_status":"open","sticky":false,"template":"","format":"standard","meta":{"footnotes":""},"categories":[6],"tags":[],"class_list":["post-48897","post","type-post","status-publish","format-standard","hentry","category-breaking-news"],"_links":{"self":[{"href":"https:\/\/www.giurgiuveanul.ro\/stiri\/wp-json\/wp\/v2\/posts\/48897","targetHints":{"allow":["GET"]}}],"collection":[{"href":"https:\/\/www.giurgiuveanul.ro\/stiri\/wp-json\/wp\/v2\/posts"}],"about":[{"href":"https:\/\/www.giurgiuveanul.ro\/stiri\/wp-json\/wp\/v2\/types\/post"}],"author":[{"embeddable":true,"href":"https:\/\/www.giurgiuveanul.ro\/stiri\/wp-json\/wp\/v2\/users\/1"}],"replies":[{"embeddable":true,"href":"https:\/\/www.giurgiuveanul.ro\/stiri\/wp-json\/wp\/v2\/comments?post=48897"}],"version-history":[{"count":0,"href":"https:\/\/www.giurgiuveanul.ro\/stiri\/wp-json\/wp\/v2\/posts\/48897\/revisions"}],"wp:attachment":[{"href":"https:\/\/www.giurgiuveanul.ro\/stiri\/wp-json\/wp\/v2\/media?parent=48897"}],"wp:term":[{"taxonomy":"category","embeddable":true,"href":"https:\/\/www.giurgiuveanul.ro\/stiri\/wp-json\/wp\/v2\/categories?post=48897"},{"taxonomy":"post_tag","embeddable":true,"href":"https:\/\/www.giurgiuveanul.ro\/stiri\/wp-json\/wp\/v2\/tags?post=48897"}],"curies":[{"name":"wp","href":"https:\/\/api.w.org\/{rel}","templated":true}]}}