{"id":48937,"date":"2018-01-13T11:55:11","date_gmt":"2018-01-13T09:55:11","guid":{"rendered":"https:\/\/www.giurgiuveanul.ro\/stiri\/?p=48937"},"modified":"2018-01-13T11:55:11","modified_gmt":"2018-01-13T09:55:11","slug":"victima-accidentului-rutier-de-aseara-decedat","status":"publish","type":"post","link":"https:\/\/www.giurgiuveanul.ro\/stiri\/victima-accidentului-rutier-de-aseara-decedat\/","title":{"rendered":"Victima accidentului rutier de asear\u0103 a decedat\u2026"},"content":{"rendered":"<p style=\"text-align: justify;\"><strong><a href=\"https:\/\/www.giurgiuveanul.ro\/stiri\/wp-content\/uploads\/2018\/01\/11.jpg\"><img loading=\"lazy\" decoding=\"async\" class=\"aligncenter size-full wp-image-48907\" src=\"https:\/\/www.giurgiuveanul.ro\/stiri\/wp-content\/uploads\/2018\/01\/11.jpg\" alt=\"1\" width=\"280\" height=\"373\" srcset=\"https:\/\/www.giurgiuveanul.ro\/stiri\/wp-content\/uploads\/2018\/01\/11.jpg 280w, https:\/\/www.giurgiuveanul.ro\/stiri\/wp-content\/uploads\/2018\/01\/11-225x300.jpg 225w\" sizes=\"auto, (max-width: 280px) 100vw, 280px\" \/><\/a>Femeia r\u0103nit\u0103 grav \u00een accidentul de asear\u0103, din zona Pie\u0163ii de la Policlinic\u0103, <!--more-->a murit, asear\u0103, la ora 21:25, la spitalul Jude\u0163ean de Urgen\u0163\u0103 Giurgiu, unde era \u00een stare critic\u0103.<\/strong><\/p>\n<p style=\"text-align: justify;\">Potrivit reprezentan\u0163ilor IPJ Giurgiu, este vorba despre o femeie, \u00een v\u00e2rst\u0103 de 87 de ani, care a suferit un stop cardio-respirator \u00een urma accidentului \u015fi fusese resuscitat\u0103.<\/p>\n<p style=\"text-align: justify;\">A\u015fa dup\u0103 cum v-am mai informat, un b\u0103rbat de 65 ani, din municipiul Bucure\u0219ti, \u00een timp ce conducea o autoutilitar\u0103 pe \u0218oseaua Alexandriei, din municipiul Giurgiu, a accidentat grav o femeie de 87 ani, din municipiul Giurgiu, pieton angajat \u00een traversarea str\u0103zii prin loc nepermis \u0219i f\u0103r\u0103 s\u0103 se asigure.<\/p>\n<p style=\"text-align: justify;\">Ambilor participan\u021bi la trafic li s-au recoltat probe biologice de s\u00e2nge \u00een vederea stabilirii alcoolemiei, iar conduc\u0103torul autoutilitarei a fost testat cu aparatul alcoolscop, rezultatul fiind negativ.<\/p>\n<p style=\"text-align: justify;\">Poli\u021bi\u0219tii au \u00eentocmit \u00een cauz\u0103 un dosar penal \u00een care continu\u0103 cercet\u0103rile sub aspectul s\u0103v\u00e2r\u0219irii infrac\u021biunii de ucidere din culp\u0103.<\/p>\n","protected":false},"excerpt":{"rendered":"<p>Femeia r\u0103nit\u0103 grav \u00een accidentul de asear\u0103, din zona Pie\u0163ii de la Policlinic\u0103,<\/p>\n","protected":false},"author":1,"featured_media":0,"comment_status":"open","ping_status":"open","sticky":false,"template":"","format":"standard","meta":{"footnotes":""},"categories":[6],"tags":[],"class_list":["post-48937","post","type-post","status-publish","format-standard","hentry","category-breaking-news"],"_links":{"self":[{"href":"https:\/\/www.giurgiuveanul.ro\/stiri\/wp-json\/wp\/v2\/posts\/48937","targetHints":{"allow":["GET"]}}],"collection":[{"href":"https:\/\/www.giurgiuveanul.ro\/stiri\/wp-json\/wp\/v2\/posts"}],"about":[{"href":"https:\/\/www.giurgiuveanul.ro\/stiri\/wp-json\/wp\/v2\/types\/post"}],"author":[{"embeddable":true,"href":"https:\/\/www.giurgiuveanul.ro\/stiri\/wp-json\/wp\/v2\/users\/1"}],"replies":[{"embeddable":true,"href":"https:\/\/www.giurgiuveanul.ro\/stiri\/wp-json\/wp\/v2\/comments?post=48937"}],"version-history":[{"count":0,"href":"https:\/\/www.giurgiuveanul.ro\/stiri\/wp-json\/wp\/v2\/posts\/48937\/revisions"}],"wp:attachment":[{"href":"https:\/\/www.giurgiuveanul.ro\/stiri\/wp-json\/wp\/v2\/media?parent=48937"}],"wp:term":[{"taxonomy":"category","embeddable":true,"href":"https:\/\/www.giurgiuveanul.ro\/stiri\/wp-json\/wp\/v2\/categories?post=48937"},{"taxonomy":"post_tag","embeddable":true,"href":"https:\/\/www.giurgiuveanul.ro\/stiri\/wp-json\/wp\/v2\/tags?post=48937"}],"curies":[{"name":"wp","href":"https:\/\/api.w.org\/{rel}","templated":true}]}}