{"id":48939,"date":"2018-01-13T16:48:49","date_gmt":"2018-01-13T14:48:49","guid":{"rendered":"https:\/\/www.giurgiuveanul.ro\/stiri\/?p=48939"},"modified":"2018-01-13T16:48:49","modified_gmt":"2018-01-13T14:48:49","slug":"atentie-se-anunta-vreme-rea-la-giurgiu-ce-recomanda-politia","status":"publish","type":"post","link":"https:\/\/www.giurgiuveanul.ro\/stiri\/atentie-se-anunta-vreme-rea-la-giurgiu-ce-recomanda-politia\/","title":{"rendered":"Aten\u021bie, se anun\u021b\u0103 vreme rea la Giurgiu! Ce recomand\u0103 Poli\u021bia"},"content":{"rendered":"<p style=\"text-align: justify;\"><strong><a href=\"https:\/\/www.giurgiuveanul.ro\/stiri\/wp-content\/uploads\/2018\/01\/cauciucurile-de-iarna-770-560.jpg\"><img loading=\"lazy\" decoding=\"async\" class=\"aligncenter size-large wp-image-48940\" src=\"https:\/\/www.giurgiuveanul.ro\/stiri\/wp-content\/uploads\/2018\/01\/cauciucurile-de-iarna-770-560-560x407.jpg\" alt=\"cauciucurile-de-iarna-770-560\" width=\"560\" height=\"407\" srcset=\"https:\/\/www.giurgiuveanul.ro\/stiri\/wp-content\/uploads\/2018\/01\/cauciucurile-de-iarna-770-560-560x407.jpg 560w, https:\/\/www.giurgiuveanul.ro\/stiri\/wp-content\/uploads\/2018\/01\/cauciucurile-de-iarna-770-560-250x182.jpg 250w, https:\/\/www.giurgiuveanul.ro\/stiri\/wp-content\/uploads\/2018\/01\/cauciucurile-de-iarna-770-560-400x291.jpg 400w, https:\/\/www.giurgiuveanul.ro\/stiri\/wp-content\/uploads\/2018\/01\/cauciucurile-de-iarna-770-560.jpg 770w\" sizes=\"auto, (max-width: 560px) 100vw, 560px\" \/><\/a>Pentru <!--more-->o c\u0103l\u0103torie \u00een siguran\u0163\u0103, \u00een contextul avertiz\u0103rilor meteorologice, Poli\u021bia Rom\u00e2n\u0103 v\u0103 recomand\u0103:<\/strong><\/p>\n<p style=\"text-align: justify;\">\u00cenainte de a pleca la drum, interesa\u021bi-v\u0103 cu privire la starea meteorologic\u0103 de pe traseul pe care urmeaz\u0103 s\u0103 \u00eel parcurge\u021bi \u0219i echipa\u021bi-v\u0103 autovehiculul corespunz\u0103tor!<\/p>\n<p style=\"text-align: justify;\">\u00cen condi\u021bii dificile de trafic, circula\u021bi cu vitez\u0103 redus\u0103, p\u0103stra\u021bi distan\u0163a de siguran\u0163\u0103 \u00een mers, pentru a putea opri \u00een timp util \u015fi nu v\u0103 angaja\u021bi \u00een dep\u0103\u0219iri riscante!<\/p>\n<p style=\"text-align: justify;\">Pe timp de ploaie sau ninsoare, utiliza\u021bi luminile de \u00eent\u00e2lnire \u015fi pe timpul zilei, pentru toate categoriile de drumuri, \u015fi pe cele de cea\u0163\u0103, \u00een cazul apari\u0163iei acestui fenomen!<\/p>\n<p style=\"text-align: justify;\">Evita\u021bi ac\u0163ionarea brusc\u0103 a mecanismelor de direc\u0163ie \u0219i de fr\u00e2nare ale autovehiculului, pentru evitarea acvaplan\u0103rii sau derapajelor necontrolate!<\/p>\n<p style=\"text-align: justify;\">Nu uita\u021bi c\u0103 sunte\u021bi obliga\u021bi s\u0103 v\u0103 echipa\u021bi autovehiculele cu anvelope de iarn\u0103, atunci c\u0103nd circula\u021bi pe drumuri acoperite cu z\u0103pad\u0103, ghea\u021b\u0103 sau polei!<\/p>\n<p style=\"text-align: justify;\">Asigura\u021bi-v\u0103 c\u0103 instala\u021biile de degivrare \u0219i dezaburire ale autovehiculului func\u021bioneaz\u0103! Pe timpul deplas\u0103rii, at\u00e2t parbrizul c\u00e2t \u0219i geamurile laterale ale autovehiculului trebuie men\u021binute curate, pentru o mai bun\u0103 vizibilitate!<\/p>\n<p style=\"text-align: justify;\">\u00cen cazul r\u0103m\u00e2nerii \u00een pan\u0103, triunghiurile de presemnalizare trebuie a\u015fezate la o distan\u0163\u0103 mai mare de autovehicul, dec\u00e2t \u00een condi\u0163ii normale!<\/p>\n<p style=\"text-align: justify;\">\u00cen condi\u0163iile unui trafic aglomerat, precipita\u0163iile pot determina apari\u0163ia unor blocaje rutiere temporare. P\u0103stra\u0163i-v\u0103 calmul \u015fi nu bloca\u0163i intersec\u0163iile!<\/p>\n<p style=\"text-align: justify;\">Pietoni, lua\u021bi-v\u0103 toate m\u0103suri de precau\u0163ie, pentru a fi siguri c\u0103 sunte\u021bi observa\u0163i \u00een trafic de c\u0103tre \u015foferi! Circula\u021bi, pe c\u00e2t posibil, doar pe trotuare, face\u021bi traversarea str\u0103zii prin locurile marcate, la culoarea verde a semaforului electric \u015fi numai dup\u0103 ce sunte\u021bi siguri c\u0103 inten\u0163ia de a traversa a fost observat\u0103 de c\u0103tre \u015foferi!<\/p>\n","protected":false},"excerpt":{"rendered":"<p>Pentru<\/p>\n","protected":false},"author":1,"featured_media":0,"comment_status":"open","ping_status":"open","sticky":false,"template":"","format":"standard","meta":{"footnotes":""},"categories":[6],"tags":[],"class_list":["post-48939","post","type-post","status-publish","format-standard","hentry","category-breaking-news"],"_links":{"self":[{"href":"https:\/\/www.giurgiuveanul.ro\/stiri\/wp-json\/wp\/v2\/posts\/48939","targetHints":{"allow":["GET"]}}],"collection":[{"href":"https:\/\/www.giurgiuveanul.ro\/stiri\/wp-json\/wp\/v2\/posts"}],"about":[{"href":"https:\/\/www.giurgiuveanul.ro\/stiri\/wp-json\/wp\/v2\/types\/post"}],"author":[{"embeddable":true,"href":"https:\/\/www.giurgiuveanul.ro\/stiri\/wp-json\/wp\/v2\/users\/1"}],"replies":[{"embeddable":true,"href":"https:\/\/www.giurgiuveanul.ro\/stiri\/wp-json\/wp\/v2\/comments?post=48939"}],"version-history":[{"count":0,"href":"https:\/\/www.giurgiuveanul.ro\/stiri\/wp-json\/wp\/v2\/posts\/48939\/revisions"}],"wp:attachment":[{"href":"https:\/\/www.giurgiuveanul.ro\/stiri\/wp-json\/wp\/v2\/media?parent=48939"}],"wp:term":[{"taxonomy":"category","embeddable":true,"href":"https:\/\/www.giurgiuveanul.ro\/stiri\/wp-json\/wp\/v2\/categories?post=48939"},{"taxonomy":"post_tag","embeddable":true,"href":"https:\/\/www.giurgiuveanul.ro\/stiri\/wp-json\/wp\/v2\/tags?post=48939"}],"curies":[{"name":"wp","href":"https:\/\/api.w.org\/{rel}","templated":true}]}}