{"id":48953,"date":"2018-01-14T14:04:03","date_gmt":"2018-01-14T12:04:03","guid":{"rendered":"https:\/\/www.giurgiuveanul.ro\/stiri\/?p=48953"},"modified":"2018-01-14T15:32:23","modified_gmt":"2018-01-14T13:32:23","slug":"doua-fete-accidentate-pe-trecerea-de-pietoni-de-pe-strada-tinetetului-foto","status":"publish","type":"post","link":"https:\/\/www.giurgiuveanul.ro\/stiri\/doua-fete-accidentate-pe-trecerea-de-pietoni-de-pe-strada-tinetetului-foto\/","title":{"rendered":"Dou\u0103 fete accidentate pe trecerea de pietoni de pe strada Tineretului (FOTO)"},"content":{"rendered":"<p style=\"text-align: justify;\"><strong><a href=\"https:\/\/www.giurgiuveanul.ro\/stiri\/wp-content\/uploads\/2018\/01\/IMG-20180113-WA0001.jpg\"><img loading=\"lazy\" decoding=\"async\" class=\"aligncenter size-large wp-image-48954\" src=\"https:\/\/www.giurgiuveanul.ro\/stiri\/wp-content\/uploads\/2018\/01\/IMG-20180113-WA0001-560x429.jpg\" alt=\"IMG-20180113-WA0001\" width=\"560\" height=\"429\" srcset=\"https:\/\/www.giurgiuveanul.ro\/stiri\/wp-content\/uploads\/2018\/01\/IMG-20180113-WA0001-560x429.jpg 560w, https:\/\/www.giurgiuveanul.ro\/stiri\/wp-content\/uploads\/2018\/01\/IMG-20180113-WA0001-250x192.jpg 250w, https:\/\/www.giurgiuveanul.ro\/stiri\/wp-content\/uploads\/2018\/01\/IMG-20180113-WA0001-400x307.jpg 400w, https:\/\/www.giurgiuveanul.ro\/stiri\/wp-content\/uploads\/2018\/01\/IMG-20180113-WA0001.jpg 800w\" sizes=\"auto, (max-width: 560px) 100vw, 560px\" \/><\/a>Un accident rutier s-a produs <!--more-->asear\u0103, \u00een jurul orelor 19.15, pe strada Tineretului, din Giurgiu, \u00een dreptul blocului 64, la trecerea de pietoni din zon\u0103. <\/strong><\/p>\n<p style=\"text-align: justify;\">Un t\u00e2n\u0103r de 21 de ani din Giurgiu,\u00een timp ce conducea un Daewoo Matiz, din direc\u021bia Bd. 1 Decembrie 1918, c\u0103tre strada Tineretului, nu a acordat prioritate de trecere la dou\u0103 tinere, ambele \u00een v\u00e2rst\u0103 de 18 ani, din Giurgiu, angajate \u00een traversarea str\u0103zii pe \u00a0trecerea de pietoni marcat\u0103 \u0219i semnalizat\u0103 corespunz\u0103tor. Cele dou\u0103 fete au fost r\u0103nite u\u0219or, fiind transportate la spital, unde nu au r\u0103mas internate.<\/p>\n<p style=\"text-align: justify;\">\u00a0\u0218oferul a fost testat alcooltest, rezultatul fiind negativ. Pe numele s\u0103u, poli\u021bi\u0219tii Biroului Rutier au deschis dosar penal pentru v\u0103t\u0103mare corporal\u0103 din culp\u0103.<\/p>\n<p style=\"text-align: justify;\">\n<p style=\"text-align: justify;\"><em>N.R. Mul\u0163umim cititorului nostru pentru fotografie.<\/em><\/p>\n","protected":false},"excerpt":{"rendered":"<p>Un accident rutier s-a produs<\/p>\n","protected":false},"author":1,"featured_media":0,"comment_status":"open","ping_status":"open","sticky":false,"template":"","format":"standard","meta":{"footnotes":""},"categories":[6],"tags":[],"class_list":["post-48953","post","type-post","status-publish","format-standard","hentry","category-breaking-news"],"_links":{"self":[{"href":"https:\/\/www.giurgiuveanul.ro\/stiri\/wp-json\/wp\/v2\/posts\/48953","targetHints":{"allow":["GET"]}}],"collection":[{"href":"https:\/\/www.giurgiuveanul.ro\/stiri\/wp-json\/wp\/v2\/posts"}],"about":[{"href":"https:\/\/www.giurgiuveanul.ro\/stiri\/wp-json\/wp\/v2\/types\/post"}],"author":[{"embeddable":true,"href":"https:\/\/www.giurgiuveanul.ro\/stiri\/wp-json\/wp\/v2\/users\/1"}],"replies":[{"embeddable":true,"href":"https:\/\/www.giurgiuveanul.ro\/stiri\/wp-json\/wp\/v2\/comments?post=48953"}],"version-history":[{"count":0,"href":"https:\/\/www.giurgiuveanul.ro\/stiri\/wp-json\/wp\/v2\/posts\/48953\/revisions"}],"wp:attachment":[{"href":"https:\/\/www.giurgiuveanul.ro\/stiri\/wp-json\/wp\/v2\/media?parent=48953"}],"wp:term":[{"taxonomy":"category","embeddable":true,"href":"https:\/\/www.giurgiuveanul.ro\/stiri\/wp-json\/wp\/v2\/categories?post=48953"},{"taxonomy":"post_tag","embeddable":true,"href":"https:\/\/www.giurgiuveanul.ro\/stiri\/wp-json\/wp\/v2\/tags?post=48953"}],"curies":[{"name":"wp","href":"https:\/\/api.w.org\/{rel}","templated":true}]}}