{"id":49011,"date":"2018-01-15T17:18:43","date_gmt":"2018-01-15T15:18:43","guid":{"rendered":"https:\/\/www.giurgiuveanul.ro\/stiri\/?p=49011"},"modified":"2018-01-15T17:18:43","modified_gmt":"2018-01-15T15:18:43","slug":"ultima-ora-informare-meteorologica","status":"publish","type":"post","link":"https:\/\/www.giurgiuveanul.ro\/stiri\/ultima-ora-informare-meteorologica\/","title":{"rendered":"ULTIMA OR\u0102! INFORMARE METEOROLOGIC\u0102"},"content":{"rendered":"<p style=\"text-align: justify;\"><strong><a href=\"https:\/\/www.giurgiuveanul.ro\/stiri\/wp-content\/uploads\/2018\/01\/26841429_750985948434773_856532335101299236_o.jpg\"><img loading=\"lazy\" decoding=\"async\" class=\"aligncenter size-large wp-image-49012\" src=\"https:\/\/www.giurgiuveanul.ro\/stiri\/wp-content\/uploads\/2018\/01\/26841429_750985948434773_856532335101299236_o-560x406.jpg\" alt=\"26841429_750985948434773_856532335101299236_o\" width=\"560\" height=\"406\" srcset=\"https:\/\/www.giurgiuveanul.ro\/stiri\/wp-content\/uploads\/2018\/01\/26841429_750985948434773_856532335101299236_o-560x406.jpg 560w, https:\/\/www.giurgiuveanul.ro\/stiri\/wp-content\/uploads\/2018\/01\/26841429_750985948434773_856532335101299236_o-250x181.jpg 250w, https:\/\/www.giurgiuveanul.ro\/stiri\/wp-content\/uploads\/2018\/01\/26841429_750985948434773_856532335101299236_o-400x290.jpg 400w, https:\/\/www.giurgiuveanul.ro\/stiri\/wp-content\/uploads\/2018\/01\/26841429_750985948434773_856532335101299236_o.jpg 2048w\" sizes=\"auto, (max-width: 560px) 100vw, 560px\" \/><\/a>Interval de valabilitate: 15 ianuarie, ora 20 \u2013 17 ianuarie, ora 20<\/strong><\/p>\n<p style=\"text-align: justify;\">Fenomene vizate:<!--more--> precipita\u021bii sub form\u0103 de ninsoare, lapovi\u021b\u0103 \u0219i ploaie, polei, intensific\u0103ri ale v\u00e2ntului \u0219i ninsori viscolite la munte<\/p>\n<p style=\"text-align: justify;\">Zone afectate: conform textului<\/p>\n<p style=\"text-align: justify;\">\u00cen cursul nop\u021bii de luni spre mar\u021bi (15\/16 ianuarie) \u0219i \u00een primele ore ale zilei de mar\u021bi (16 ianuarie) pe arii relativ extinse \u00een sudul \u0219i sud-estul teritoriului va ninge \u00een general slab cantitativ. Pe litoral vor fi posibile \u0219i precipita\u021bii mixte \u0219i polei.<\/p>\n<p style=\"text-align: justify;\">Din dup\u0103-amiaza zilei de mar\u021bi (16 ianuarie) precipita\u021biile vor fi \u00een extindere treptat\u0103, \u00eencep\u00e2nd cu regiunile vestice \u0219i vor cuprinde cea mai mare parte a \u021b\u0103rii. La \u00eenceput vor fi mai ales ninsori, ce se vor transforma treptat \u0219i \u00een lapovi\u021b\u0103 \u0219i ploaie, iar cantit\u0103\u021bile de ap\u0103 vor dep\u0103\u0219i 15\u202620 l\/mp \u0219i izolat 30 l\/mp, cu prec\u0103dere, \u00een zonele de munte \u0219i \u00een sud-vest.<\/p>\n<p style=\"text-align: justify;\">Local se va semnala polei \u00een Banat, Cri\u0219ana, Oltenia, Transilvania, apoi \u0219i \u00een Muntenia, Moldova \u0219i posibil \u00een Dobrogea.<\/p>\n<p style=\"text-align: justify;\">\u00cen zonele de munte temporar vor predomina ninsorile \u0219i se va depune strat nou de z\u0103pad\u0103, local consistent, \u00een noaptea de mar\u021bi spre miercuri (16\/17 ianuarie) \u00eendeosebi \u00een Carpa\u021bii Occidentali \u0219i \u00een nordul Carpa\u021bilor Orientali, iar miercuri (17 ianuarie) mai ales \u00een zona Carpa\u021bilor Meridionali.<\/p>\n<p style=\"text-align: justify;\">V\u00e2ntul se va intensifica \u00een regiunile vestice, unde temporar va atinge viteze de 50\u202655 km\/h, iar la munte, cu prec\u0103dere \u00een zona \u00eenalt\u0103, rafalele vor dep\u0103\u0219i 70&#8230;80 km\/h, viscolind ninsoarea \u0219i spulber\u00e2nd z\u0103pada.<\/p>\n<p>&nbsp;<\/p>\n<p style=\"text-align: center;\"><strong>Not\u0103: \u00cen noaptea de luni spre mar\u021bi (15\/16 ianuarie) vremea se va men\u021bine geroas\u0103 \u00een nordul, nord-estul \u0219i centrul \u021b\u0103rii.<\/strong><\/p>\n<p style=\"text-align: center;\"><strong>\u00a0<\/strong><\/p>\n<p style=\"text-align: center;\"><strong>\u00cen func\u0163ie de evolu\u0163ia \u015fi intensitatea fenomenelor meteorologice,<\/strong><\/p>\n<p style=\"text-align: center;\"><strong>Administra\u0163ia Na\u0163ional\u0103 de Meteorologie va actualiza prezentul mesaj.<\/strong><\/p>\n","protected":false},"excerpt":{"rendered":"<p>Interval de valabilitate: 15 ianuarie, ora 20 \u2013 17 ianuarie, ora 20 Fenomene vizate:<\/p>\n","protected":false},"author":1,"featured_media":0,"comment_status":"open","ping_status":"open","sticky":false,"template":"","format":"standard","meta":{"footnotes":""},"categories":[6],"tags":[],"class_list":["post-49011","post","type-post","status-publish","format-standard","hentry","category-breaking-news"],"_links":{"self":[{"href":"https:\/\/www.giurgiuveanul.ro\/stiri\/wp-json\/wp\/v2\/posts\/49011","targetHints":{"allow":["GET"]}}],"collection":[{"href":"https:\/\/www.giurgiuveanul.ro\/stiri\/wp-json\/wp\/v2\/posts"}],"about":[{"href":"https:\/\/www.giurgiuveanul.ro\/stiri\/wp-json\/wp\/v2\/types\/post"}],"author":[{"embeddable":true,"href":"https:\/\/www.giurgiuveanul.ro\/stiri\/wp-json\/wp\/v2\/users\/1"}],"replies":[{"embeddable":true,"href":"https:\/\/www.giurgiuveanul.ro\/stiri\/wp-json\/wp\/v2\/comments?post=49011"}],"version-history":[{"count":0,"href":"https:\/\/www.giurgiuveanul.ro\/stiri\/wp-json\/wp\/v2\/posts\/49011\/revisions"}],"wp:attachment":[{"href":"https:\/\/www.giurgiuveanul.ro\/stiri\/wp-json\/wp\/v2\/media?parent=49011"}],"wp:term":[{"taxonomy":"category","embeddable":true,"href":"https:\/\/www.giurgiuveanul.ro\/stiri\/wp-json\/wp\/v2\/categories?post=49011"},{"taxonomy":"post_tag","embeddable":true,"href":"https:\/\/www.giurgiuveanul.ro\/stiri\/wp-json\/wp\/v2\/tags?post=49011"}],"curies":[{"name":"wp","href":"https:\/\/api.w.org\/{rel}","templated":true}]}}