{"id":49014,"date":"2018-01-15T17:32:42","date_gmt":"2018-01-15T15:32:42","guid":{"rendered":"https:\/\/www.giurgiuveanul.ro\/stiri\/?p=49014"},"modified":"2018-01-15T17:32:42","modified_gmt":"2018-01-15T15:32:42","slug":"accident-rutier-soldat-cu-victima-3","status":"publish","type":"post","link":"https:\/\/www.giurgiuveanul.ro\/stiri\/accident-rutier-soldat-cu-victima-3\/","title":{"rendered":"Accident rutier&#8230; soldat cu o victim\u0103"},"content":{"rendered":"<p style=\"text-align: justify;\"><strong><a href=\"https:\/\/www.giurgiuveanul.ro\/stiri\/wp-content\/uploads\/2018\/01\/IMG_2699-2.jpg\"><img loading=\"lazy\" decoding=\"async\" class=\"aligncenter size-large wp-image-49015\" src=\"https:\/\/www.giurgiuveanul.ro\/stiri\/wp-content\/uploads\/2018\/01\/IMG_2699-2-519x450.jpg\" alt=\"IMG_2699-2\" width=\"519\" height=\"450\" srcset=\"https:\/\/www.giurgiuveanul.ro\/stiri\/wp-content\/uploads\/2018\/01\/IMG_2699-2-519x450.jpg 519w, https:\/\/www.giurgiuveanul.ro\/stiri\/wp-content\/uploads\/2018\/01\/IMG_2699-2-250x217.jpg 250w, https:\/\/www.giurgiuveanul.ro\/stiri\/wp-content\/uploads\/2018\/01\/IMG_2699-2-400x347.jpg 400w, https:\/\/www.giurgiuveanul.ro\/stiri\/wp-content\/uploads\/2018\/01\/IMG_2699-2.jpg 800w\" sizes=\"auto, (max-width: 519px) 100vw, 519px\" \/><\/a>Un t\u00e2n\u0103r <!--more-->din municipiul Bucure\u0219ti a fost accidentat u\u0219or \u00een timp ce circula neregulamentar pe partea carosabil\u0103.<\/strong><\/p>\n<p style=\"text-align: justify;\">S-a \u00eent\u00e2mplat asear\u0103, \u00een jurul orei 19.50 \u00een comuna Valea Dragului, pe Drumul Jude\u021bean 401, o persoan\u0103 de gen feminin, de 44 ani, din satul Hotarele, jude\u021bul Giurgiu, \u00een timp ce conducea un autoturism, a accidentat u\u0219or un t\u00e2n\u0103r de 29 ani, din municipiul Bucure\u0219ti, care circula neregulamentar, \u00een calitate de pieton, pe partea carosabil\u0103 \u00een acela\u0219i sens de mers, drumul fiind prev\u0103zut cu trotuare.<\/p>\n<p style=\"text-align: justify;\">Victima a refuzat transportul la Spitalul Jude\u021bean de Urgen\u021b\u0103 Giurgiu, primind \u00eengrijiri medicale la fa\u021ba locului.<\/p>\n<p style=\"text-align: justify;\">\u00cen cauz\u0103 a fost \u00eentocmit un dosar penal \u00een care se efectueaz\u0103 cercet\u0103ri sub aspectul s\u0103v\u00e2r\u0219irii infrac\u021biunii de v\u0103t\u0103mare corporal\u0103 din culp\u0103.<\/p>\n","protected":false},"excerpt":{"rendered":"<p>Un t\u00e2n\u0103r<\/p>\n","protected":false},"author":1,"featured_media":0,"comment_status":"open","ping_status":"open","sticky":false,"template":"","format":"standard","meta":{"footnotes":""},"categories":[6],"tags":[],"class_list":["post-49014","post","type-post","status-publish","format-standard","hentry","category-breaking-news"],"_links":{"self":[{"href":"https:\/\/www.giurgiuveanul.ro\/stiri\/wp-json\/wp\/v2\/posts\/49014","targetHints":{"allow":["GET"]}}],"collection":[{"href":"https:\/\/www.giurgiuveanul.ro\/stiri\/wp-json\/wp\/v2\/posts"}],"about":[{"href":"https:\/\/www.giurgiuveanul.ro\/stiri\/wp-json\/wp\/v2\/types\/post"}],"author":[{"embeddable":true,"href":"https:\/\/www.giurgiuveanul.ro\/stiri\/wp-json\/wp\/v2\/users\/1"}],"replies":[{"embeddable":true,"href":"https:\/\/www.giurgiuveanul.ro\/stiri\/wp-json\/wp\/v2\/comments?post=49014"}],"version-history":[{"count":0,"href":"https:\/\/www.giurgiuveanul.ro\/stiri\/wp-json\/wp\/v2\/posts\/49014\/revisions"}],"wp:attachment":[{"href":"https:\/\/www.giurgiuveanul.ro\/stiri\/wp-json\/wp\/v2\/media?parent=49014"}],"wp:term":[{"taxonomy":"category","embeddable":true,"href":"https:\/\/www.giurgiuveanul.ro\/stiri\/wp-json\/wp\/v2\/categories?post=49014"},{"taxonomy":"post_tag","embeddable":true,"href":"https:\/\/www.giurgiuveanul.ro\/stiri\/wp-json\/wp\/v2\/tags?post=49014"}],"curies":[{"name":"wp","href":"https:\/\/api.w.org\/{rel}","templated":true}]}}