{"id":49023,"date":"2018-01-16T13:55:09","date_gmt":"2018-01-16T11:55:09","guid":{"rendered":"https:\/\/www.giurgiuveanul.ro\/stiri\/?p=49023"},"modified":"2018-01-16T13:55:09","modified_gmt":"2018-01-16T11:55:09","slug":"giurgiuvenii-care-nu-curata-zapada-vor-fi-amendati","status":"publish","type":"post","link":"https:\/\/www.giurgiuveanul.ro\/stiri\/giurgiuvenii-care-nu-curata-zapada-vor-fi-amendati\/","title":{"rendered":"Giurgiuvenii care nu cur\u0103\u0163\u0103 z\u0103pada vor fi amenda\u021bi!"},"content":{"rendered":"<p style=\"text-align: justify;\"><strong><a href=\"https:\/\/www.giurgiuveanul.ro\/stiri\/wp-content\/uploads\/2018\/01\/IMG_2961.jpg\"><img loading=\"lazy\" decoding=\"async\" class=\"aligncenter size-large wp-image-49024\" src=\"https:\/\/www.giurgiuveanul.ro\/stiri\/wp-content\/uploads\/2018\/01\/IMG_2961-560x406.jpg\" alt=\"IMG_2961\" width=\"560\" height=\"406\" srcset=\"https:\/\/www.giurgiuveanul.ro\/stiri\/wp-content\/uploads\/2018\/01\/IMG_2961-560x406.jpg 560w, https:\/\/www.giurgiuveanul.ro\/stiri\/wp-content\/uploads\/2018\/01\/IMG_2961-250x181.jpg 250w, https:\/\/www.giurgiuveanul.ro\/stiri\/wp-content\/uploads\/2018\/01\/IMG_2961-400x290.jpg 400w, https:\/\/www.giurgiuveanul.ro\/stiri\/wp-content\/uploads\/2018\/01\/IMG_2961.jpg 800w\" sizes=\"auto, (max-width: 560px) 100vw, 560px\" \/><\/a>\u00cen cazul \u00een care<!--more--> ninsorile continu\u0103, locatarii, asocia\u0163iile de proprietari \u015fi firmele sunt obligate s\u0103 \u00eendep\u0103rteze z\u0103pada \u015fi ghea\u0163a de pe trotuarele din fa\u0163a cl\u0103dirilor unde locuiesc sau pe care le administreaz\u0103, iar \u00een caz contrar, conform unei Hot\u0103r\u00e2ri de Consiliu Local, vor fi amenda\u0163i. \u00a0\u00a0\u00a0<\/strong><\/p>\n<p style=\"text-align: justify;\">Locatarii, asocia\u0163iile \u015fi agen\u0163ii economici r\u0103spund pentru men\u0163inerea cur\u0103\u0163eniei pe trotuarele din dreptul imobilelor \u015fi pe locurile de parcare. Amenzile prev\u0103zute de Hot\u0103r\u00eerea de Consiliu Local sunt de 200-500 lei pentru persoanele fizice \u015fi \u00eentre 2000-5000 pentru persoanele juridice. Astan dup\u0103 ce sunt avertiza\u021bi de Poli\u021bia Local\u0103 \u00een acest sens.<\/p>\n<p style=\"text-align: justify;\">\u00cen concluzie, persoanele fizice \u015fi juridice au obliga\u0163ia ca, pe timp de iarn\u0103, s\u0103 \u00eendep\u0103rteze \u0163ur\u0163urii forma\u0163i la acoperi\u015ful imobilului, s\u0103 cure\u0163e, dup\u0103 \u00eencetarea ninsorii z\u0103pada depus\u0103 \u015fi ghea\u0163a format\u0103 de pe trotuarele aferente imobilelor unde domiciliaz\u0103 sau unde \u00ee\u015fi desf\u0103\u015foar\u0103 activitatea, a sediilor de firm\u0103, a cur\u0163ilor sau terenurilor de\u0163inute, astfel \u00eenc\u00e2t oamenii s\u0103 poat\u0103 merge \u00een condi\u0163ii normale pe acolo.<\/p>\n","protected":false},"excerpt":{"rendered":"<p>\u00cen cazul \u00een care<\/p>\n","protected":false},"author":1,"featured_media":0,"comment_status":"open","ping_status":"open","sticky":false,"template":"","format":"standard","meta":{"footnotes":""},"categories":[6],"tags":[],"class_list":["post-49023","post","type-post","status-publish","format-standard","hentry","category-breaking-news"],"_links":{"self":[{"href":"https:\/\/www.giurgiuveanul.ro\/stiri\/wp-json\/wp\/v2\/posts\/49023","targetHints":{"allow":["GET"]}}],"collection":[{"href":"https:\/\/www.giurgiuveanul.ro\/stiri\/wp-json\/wp\/v2\/posts"}],"about":[{"href":"https:\/\/www.giurgiuveanul.ro\/stiri\/wp-json\/wp\/v2\/types\/post"}],"author":[{"embeddable":true,"href":"https:\/\/www.giurgiuveanul.ro\/stiri\/wp-json\/wp\/v2\/users\/1"}],"replies":[{"embeddable":true,"href":"https:\/\/www.giurgiuveanul.ro\/stiri\/wp-json\/wp\/v2\/comments?post=49023"}],"version-history":[{"count":0,"href":"https:\/\/www.giurgiuveanul.ro\/stiri\/wp-json\/wp\/v2\/posts\/49023\/revisions"}],"wp:attachment":[{"href":"https:\/\/www.giurgiuveanul.ro\/stiri\/wp-json\/wp\/v2\/media?parent=49023"}],"wp:term":[{"taxonomy":"category","embeddable":true,"href":"https:\/\/www.giurgiuveanul.ro\/stiri\/wp-json\/wp\/v2\/categories?post=49023"},{"taxonomy":"post_tag","embeddable":true,"href":"https:\/\/www.giurgiuveanul.ro\/stiri\/wp-json\/wp\/v2\/tags?post=49023"}],"curies":[{"name":"wp","href":"https:\/\/api.w.org\/{rel}","templated":true}]}}