{"id":49031,"date":"2018-01-16T14:54:39","date_gmt":"2018-01-16T12:54:39","guid":{"rendered":"https:\/\/www.giurgiuveanul.ro\/stiri\/?p=49031"},"modified":"2018-01-16T14:55:34","modified_gmt":"2018-01-16T12:55:34","slug":"ce-a-furat-fata-de-12-ani-dintr-un-magazin","status":"publish","type":"post","link":"https:\/\/www.giurgiuveanul.ro\/stiri\/ce-a-furat-fata-de-12-ani-dintr-un-magazin\/","title":{"rendered":"Ce-a furat o fat\u0103 de 12 ani&#8230; dintr-un magazin"},"content":{"rendered":"<p style=\"text-align: justify;\"><strong><a href=\"https:\/\/www.giurgiuveanul.ro\/stiri\/wp-content\/uploads\/2018\/01\/police-lights-5-via-ccjpg-dc47d1e621df25af.jpg\"><img loading=\"lazy\" decoding=\"async\" class=\"aligncenter size-large wp-image-49032\" src=\"https:\/\/www.giurgiuveanul.ro\/stiri\/wp-content\/uploads\/2018\/01\/police-lights-5-via-ccjpg-dc47d1e621df25af-560x360.jpg\" alt=\"police-lights-5-via-ccjpg-dc47d1e621df25af\" width=\"560\" height=\"360\" srcset=\"https:\/\/www.giurgiuveanul.ro\/stiri\/wp-content\/uploads\/2018\/01\/police-lights-5-via-ccjpg-dc47d1e621df25af-560x360.jpg 560w, https:\/\/www.giurgiuveanul.ro\/stiri\/wp-content\/uploads\/2018\/01\/police-lights-5-via-ccjpg-dc47d1e621df25af-250x161.jpg 250w, https:\/\/www.giurgiuveanul.ro\/stiri\/wp-content\/uploads\/2018\/01\/police-lights-5-via-ccjpg-dc47d1e621df25af-400x257.jpg 400w, https:\/\/www.giurgiuveanul.ro\/stiri\/wp-content\/uploads\/2018\/01\/police-lights-5-via-ccjpg-dc47d1e621df25af.jpg 940w\" sizes=\"auto, (max-width: 560px) 100vw, 560px\" \/><\/a>Poli\u021bi\u0219tii <!--more-->efectueaz\u0103 cercet\u0103ri \u00een cazul unei minore surprins\u0103 \u00eencerc\u00e2nd s\u0103 sustrag\u0103 mai multe bunuri electronice dintr-un magazin.<\/strong><\/p>\n<p style=\"text-align: justify;\">Luni, 15 ianuarie a.c., \u00een jurul orei 21.00, Poli\u021bia Municipiului Giurgiu a fost sesizat\u0103 de c\u0103tre agentul de paz\u0103 al unei societ\u0103\u021bi comerciale cu privire la faptul c\u0103 o persoan\u0103 este suspectat\u0103 de sustragerea de bunuri din incinta societ\u0103\u021bii comerciale.<\/p>\n<p style=\"text-align: justify;\">Poli\u021bi\u0219tii s-au deplasat la fa\u021ba locului, ocazie cu care au surprins \u00een flagrant o\u00a0 fat\u0103\u00a0de 12 de ani, din municipiul Giurgiu, jude\u021bul Giurgiu, care a sustras trei boxe audio portabile din magazinul unei societ\u0103\u021bi comerciale.<\/p>\n<p style=\"text-align: justify;\">Prejudiciul cauzat, \u00een valoare de 369,69 lei, a fost recuperat \u00een totalitate \u0219i predat reprezentantului societ\u0103\u021bii.<\/p>\n<p style=\"text-align: justify;\">Poli\u021bi\u0219tii au \u00eentocmit \u00een cauz\u0103 un dosar penal \u00een care continu\u0103 cercet\u0103rile sub aspectul s\u0103v\u00e2r\u0219irii infrac\u021biunii de furt calificat.<\/p>\n","protected":false},"excerpt":{"rendered":"<p>Poli\u021bi\u0219tii<\/p>\n","protected":false},"author":1,"featured_media":0,"comment_status":"open","ping_status":"open","sticky":false,"template":"","format":"standard","meta":{"footnotes":""},"categories":[6],"tags":[],"class_list":["post-49031","post","type-post","status-publish","format-standard","hentry","category-breaking-news"],"_links":{"self":[{"href":"https:\/\/www.giurgiuveanul.ro\/stiri\/wp-json\/wp\/v2\/posts\/49031","targetHints":{"allow":["GET"]}}],"collection":[{"href":"https:\/\/www.giurgiuveanul.ro\/stiri\/wp-json\/wp\/v2\/posts"}],"about":[{"href":"https:\/\/www.giurgiuveanul.ro\/stiri\/wp-json\/wp\/v2\/types\/post"}],"author":[{"embeddable":true,"href":"https:\/\/www.giurgiuveanul.ro\/stiri\/wp-json\/wp\/v2\/users\/1"}],"replies":[{"embeddable":true,"href":"https:\/\/www.giurgiuveanul.ro\/stiri\/wp-json\/wp\/v2\/comments?post=49031"}],"version-history":[{"count":0,"href":"https:\/\/www.giurgiuveanul.ro\/stiri\/wp-json\/wp\/v2\/posts\/49031\/revisions"}],"wp:attachment":[{"href":"https:\/\/www.giurgiuveanul.ro\/stiri\/wp-json\/wp\/v2\/media?parent=49031"}],"wp:term":[{"taxonomy":"category","embeddable":true,"href":"https:\/\/www.giurgiuveanul.ro\/stiri\/wp-json\/wp\/v2\/categories?post=49031"},{"taxonomy":"post_tag","embeddable":true,"href":"https:\/\/www.giurgiuveanul.ro\/stiri\/wp-json\/wp\/v2\/tags?post=49031"}],"curies":[{"name":"wp","href":"https:\/\/api.w.org\/{rel}","templated":true}]}}