{"id":49038,"date":"2018-01-16T15:53:15","date_gmt":"2018-01-16T13:53:15","guid":{"rendered":"https:\/\/www.giurgiuveanul.ro\/stiri\/?p=49038"},"modified":"2018-01-16T15:53:15","modified_gmt":"2018-01-16T13:53:15","slug":"atentie-giurgiuvenii-care-pleaca-mai-mult-de-sase-luni-in-strainatate-trebuie-sa-plateasca-taxa-lunara","status":"publish","type":"post","link":"https:\/\/www.giurgiuveanul.ro\/stiri\/atentie-giurgiuvenii-care-pleaca-mai-mult-de-sase-luni-in-strainatate-trebuie-sa-plateasca-taxa-lunara\/","title":{"rendered":"ATEN\u0162IE! Giurgiuvenii care pleac\u0103 mai mult de \u015fase luni \u00een str\u0103in\u0103tate trebuie s\u0103 pl\u0103teasc\u0103 TAX\u0102 lunar\u0103!"},"content":{"rendered":"<p style=\"text-align: justify;\"><strong><a href=\"https:\/\/www.giurgiuveanul.ro\/stiri\/wp-content\/uploads\/2018\/01\/IMG_2837-2.jpg\"><img loading=\"lazy\" decoding=\"async\" class=\"aligncenter size-large wp-image-49039\" src=\"https:\/\/www.giurgiuveanul.ro\/stiri\/wp-content\/uploads\/2018\/01\/IMG_2837-2-560x403.jpg\" alt=\"IMG_2837-2\" width=\"560\" height=\"403\" srcset=\"https:\/\/www.giurgiuveanul.ro\/stiri\/wp-content\/uploads\/2018\/01\/IMG_2837-2-560x403.jpg 560w, https:\/\/www.giurgiuveanul.ro\/stiri\/wp-content\/uploads\/2018\/01\/IMG_2837-2-250x180.jpg 250w, https:\/\/www.giurgiuveanul.ro\/stiri\/wp-content\/uploads\/2018\/01\/IMG_2837-2-400x288.jpg 400w, https:\/\/www.giurgiuveanul.ro\/stiri\/wp-content\/uploads\/2018\/01\/IMG_2837-2.jpg 800w\" sizes=\"auto, (max-width: 560px) 100vw, 560px\" \/><\/a>Giurgiuvenii care vor s\u0103 plece din \u021bar\u0103 pentru mai mult de \u0219ase luni, indiferent c\u0103 <!--more-->merg la munc\u0103, la studii sau \u00een vacan\u0163\u0103, risc\u0103 s\u0103 fie amenda\u0163i, din ianuarie 2018, dac\u0103 nu notific\u0103 Fiscul \u00een prealabil cu minimum 30 de zile prin completarea \u0219i depunerea unui chestionar de reziden\u021b\u0103 fiscal\u0103. Astfel, cei pleca\u0163i \u00een str\u0103in\u0103tate care \u0219i-au p\u0103strat reziden\u021ba fiscal\u0103 \u00een Rom\u00e2nia trebuie s\u0103 pl\u0103teasc\u0103 o tax\u0103 lunar\u0103.<\/strong><\/p>\n<p style=\"text-align: justify;\">Persoanele cu reziden\u0163a fiscal\u0103 \u00een Rom\u00e2nia, cu domiciliul \u00een \u0163ar\u0103, sunt obligate la plata unei contribu\u0163ii de 5,5% din valoarea salariului minim pe economie, chiar dac\u0103 se afl\u0103 \u00een str\u0103in\u0103tate. Contribu\u0163ia este de circa 67 de lei\/lun\u0103, corespunz\u0103tor sumei de 792 de lei pentru un salariu minim pe economie din 2016 de 1.200 de lei.<\/p>\n<p style=\"text-align: justify;\">Potrivit noului Cod Fiscal, persoanele fizice ce nu realizeaz\u0103 venituri \u015fi nici nu sunt scutite de plata contribu\u0163iei de s\u0103n\u0103tate prin efectul legii vor fi obligate s\u0103 achite contribu\u0163ii la asigur\u0103rile de s\u0103n\u0103tate.<\/p>\n<p style=\"text-align: justify;\">Sanc\u0163ionarea celor care pleac\u0103 la munc\u0103 \u00een str\u0103in\u0103tate \u015fi care nu depun la timp chestionarul de reziden\u0163\u0103 fiscal este prev\u0103zut\u0103 de Ordonan\u0163a 30, ce modific\u0103 Codul de procedur\u0103 fiscal\u0103.<\/p>\n<p style=\"text-align: justify;\">Amenda pentru nedepunerea chestionarului este de <strong>50-100 lei.<\/strong><\/p>\n<p style=\"text-align: justify;\">Potrivit ANAF, <em>\u201eorice persoana fizic\u0103 rezident\u0103 \u00een Rom\u00e2nia care pleac\u0103 din \u021bar\u0103 (indiferent de motiv: studii, munc\u0103, etc) pentru o perioad\u0103 sau mai multe perioade de \u015federe \u00een str\u0103in\u0103tate care dep\u0103\u015fesc \u00een total 183 de zile, pe parcursul oric\u0103rui interval de 12 luni consecutive are obliga\u0163ia complet\u0103rii formularului \u201eChestionar pentru stabilirea reziden\u0163ei fiscale a persoanei fizice la plecarea din Rom\u00e2nia\u201d.<\/em><\/p>\n<p style=\"text-align: justify;\">Formularul se depune cu 30 de zile \u00eenaintea plec\u0103rii din Rom\u00e2nia, \u00een vederea scoaterii\/men\u0163inerii din\/\u00een eviden\u0163\u0103 de c\u0103tre organul fiscal competent.<\/p>\n<p style=\"text-align: justify;\">Organul fiscal analizeaz\u0103 \u00eendeplinirea condi\u0163iilor de reziden\u0163\u0103 \u00een func\u0163ie de situa\u0163ia concret\u0103 a persoanei fizice, lu\u00e2nd \u00een considerare prevederile conven\u0163iei de evitare a dublei impuneri sau prevederile Codului fiscal, dup\u0103 caz, precum \u015fi documenta\u0163ia prezentat\u0103, respectiv:<\/p>\n<p style=\"text-align: justify;\"><em>\u2013 formularul \u201eChestionar pentru stabilirea reziden\u0163ei fiscale a persoanei fizice la plecarea din Rom\u00e2nia\u201d<\/em><\/p>\n<p style=\"text-align: justify;\"><em>\u2013 orice alte documente ce pot sta la baza determin\u0103rii reziden\u0163ei persoanei fizice, precum \u015fi, dup\u0103 caz, certificatul de reziden\u0163\u0103 fiscal\u0103 emis de autoritatea fiscal\u0103 str\u0103in\u0103 sau un alt document eliberat de c\u0103tre o alt\u0103 autoritate dec\u00e2t cea fiscal\u0103, care are atribu\u0163ii \u00een domeniul certific\u0103rii reziden\u0163ei fiscale conform legisla\u0163iei interne a acelui stat, \u00een original sau \u00een copie legalizat\u0103, \u00eenso\u0163it de o traducere autorizat\u0103 \u00een limba rom\u00e2n\u0103.<\/em><\/p>\n<p style=\"text-align: justify;\">Autoritatea fiscal\u0103 poate solicita \u0219i alte documente pe care le consider\u0103 relevante \u00een vederea stabilirii reziden\u021bei fiscale, de exemplu: dovada de\u021binerii unor autovehicule \u00eenregistrate \u00een Rom\u00e2nia\/ statul str\u0103in; permis de conducere emis de autorit\u0103\u0163ile competente din Rom\u00e2nia\/ statul str\u0103in; pa\u015faport emis de autorit\u0103\u0163ile competente din Rom\u00e2nia\/ statul str\u0103in.<\/p>\n<p style=\"text-align: justify;\">La cererea organului fiscal, persoana fizic\u0103 este obligat\u0103 s\u0103 prezinte documentele solicitate de aceasta, \u00eenso\u0163ite de o traducere autorizat\u0103 \u00een limba rom\u00e2n\u0103, \u015fi, dup\u0103 caz, s\u0103 aduc\u0103 clarific\u0103ri adi\u0163ionale, mai arat\u0103 ANAF.<\/p>\n","protected":false},"excerpt":{"rendered":"<p>Giurgiuvenii care vor s\u0103 plece din \u021bar\u0103 pentru mai mult de \u0219ase luni, indiferent c\u0103<\/p>\n","protected":false},"author":1,"featured_media":0,"comment_status":"open","ping_status":"open","sticky":false,"template":"","format":"standard","meta":{"footnotes":""},"categories":[6],"tags":[],"class_list":["post-49038","post","type-post","status-publish","format-standard","hentry","category-breaking-news"],"_links":{"self":[{"href":"https:\/\/www.giurgiuveanul.ro\/stiri\/wp-json\/wp\/v2\/posts\/49038","targetHints":{"allow":["GET"]}}],"collection":[{"href":"https:\/\/www.giurgiuveanul.ro\/stiri\/wp-json\/wp\/v2\/posts"}],"about":[{"href":"https:\/\/www.giurgiuveanul.ro\/stiri\/wp-json\/wp\/v2\/types\/post"}],"author":[{"embeddable":true,"href":"https:\/\/www.giurgiuveanul.ro\/stiri\/wp-json\/wp\/v2\/users\/1"}],"replies":[{"embeddable":true,"href":"https:\/\/www.giurgiuveanul.ro\/stiri\/wp-json\/wp\/v2\/comments?post=49038"}],"version-history":[{"count":0,"href":"https:\/\/www.giurgiuveanul.ro\/stiri\/wp-json\/wp\/v2\/posts\/49038\/revisions"}],"wp:attachment":[{"href":"https:\/\/www.giurgiuveanul.ro\/stiri\/wp-json\/wp\/v2\/media?parent=49038"}],"wp:term":[{"taxonomy":"category","embeddable":true,"href":"https:\/\/www.giurgiuveanul.ro\/stiri\/wp-json\/wp\/v2\/categories?post=49038"},{"taxonomy":"post_tag","embeddable":true,"href":"https:\/\/www.giurgiuveanul.ro\/stiri\/wp-json\/wp\/v2\/tags?post=49038"}],"curies":[{"name":"wp","href":"https:\/\/api.w.org\/{rel}","templated":true}]}}