{"id":49041,"date":"2018-01-16T15:58:07","date_gmt":"2018-01-16T13:58:07","guid":{"rendered":"https:\/\/www.giurgiuveanul.ro\/stiri\/?p=49041"},"modified":"2018-01-16T15:58:07","modified_gmt":"2018-01-16T13:58:07","slug":"nu-fumati-in-spatii-inchise-sau-in-locuri-interzise-de-lege","status":"publish","type":"post","link":"https:\/\/www.giurgiuveanul.ro\/stiri\/nu-fumati-in-spatii-inchise-sau-in-locuri-interzise-de-lege\/","title":{"rendered":"Nu fuma\u0163i \u00een spa\u021bii \u00eenchise sau \u00een locuri interzise de lege!"},"content":{"rendered":"<p style=\"text-align: justify;\"><a href=\"https:\/\/www.giurgiuveanul.ro\/stiri\/wp-content\/uploads\/2018\/01\/amenda-fumat.jpg\"><img loading=\"lazy\" decoding=\"async\" class=\"aligncenter size-large wp-image-49042\" src=\"https:\/\/www.giurgiuveanul.ro\/stiri\/wp-content\/uploads\/2018\/01\/amenda-fumat-560x280.jpg\" alt=\"amenda-fumat\" width=\"560\" height=\"280\" srcset=\"https:\/\/www.giurgiuveanul.ro\/stiri\/wp-content\/uploads\/2018\/01\/amenda-fumat-560x280.jpg 560w, https:\/\/www.giurgiuveanul.ro\/stiri\/wp-content\/uploads\/2018\/01\/amenda-fumat-250x125.jpg 250w, https:\/\/www.giurgiuveanul.ro\/stiri\/wp-content\/uploads\/2018\/01\/amenda-fumat-400x200.jpg 400w, https:\/\/www.giurgiuveanul.ro\/stiri\/wp-content\/uploads\/2018\/01\/amenda-fumat.jpg 800w\" sizes=\"auto, (max-width: 560px) 100vw, 560px\" \/><\/a>Direc\u021bia <!--more-->Poli\u021biei Locale Giurgiu aduce la cuno\u0219tin\u021b\u0103 cet\u0103\u021benilor Municipiului Giurgiu c\u0103 \u00een perioada 16 \u2013 21.01.2018 va ac\u021biona cu un efectiv sporit de poli\u021bi\u0219ti locali pentru luarea de m\u0103suri \u00eempotriva persoanelor fizice \u0219i juridice ce nu respect\u0103 prevederile legale privind fumatul \u00een spa\u021bii \u00eenchise sau \u00een locuri interzise de lege.<\/p>\n<p style=\"text-align: justify;\">De asemenea, prin planul de ac\u021biune se va urm\u0103ri \u0219i obliga\u021bia de\u021bin\u0103torilor de animale de companie, atunci c\u00e2nd sunt \u00een promenad\u0103, de a de\u021bine asupra lor carnetul de s\u0103n\u0103tate al animalului \u00een momentul controlului, precum \u0219i obliga\u021bia de a \u00eentre\u021bine cur\u0103\u021benia pe domeniu public.<\/p>\n<p style=\"text-align: justify;\">Cu aceast\u0103 ocazie Poli\u021bia Local\u0103 asigur\u0103 to\u021bi cet\u0103\u021benii urbei noastre c\u0103 vor ac\u021biona cu un grad ridicat de profesionalism pentru siguran\u021ba \u0219i confortul cet\u0103\u021benilor Municipiului Giurgiu.<\/p>\n","protected":false},"excerpt":{"rendered":"<p>Direc\u021bia<\/p>\n","protected":false},"author":1,"featured_media":0,"comment_status":"open","ping_status":"open","sticky":false,"template":"","format":"standard","meta":{"footnotes":""},"categories":[6],"tags":[],"class_list":["post-49041","post","type-post","status-publish","format-standard","hentry","category-breaking-news"],"_links":{"self":[{"href":"https:\/\/www.giurgiuveanul.ro\/stiri\/wp-json\/wp\/v2\/posts\/49041","targetHints":{"allow":["GET"]}}],"collection":[{"href":"https:\/\/www.giurgiuveanul.ro\/stiri\/wp-json\/wp\/v2\/posts"}],"about":[{"href":"https:\/\/www.giurgiuveanul.ro\/stiri\/wp-json\/wp\/v2\/types\/post"}],"author":[{"embeddable":true,"href":"https:\/\/www.giurgiuveanul.ro\/stiri\/wp-json\/wp\/v2\/users\/1"}],"replies":[{"embeddable":true,"href":"https:\/\/www.giurgiuveanul.ro\/stiri\/wp-json\/wp\/v2\/comments?post=49041"}],"version-history":[{"count":0,"href":"https:\/\/www.giurgiuveanul.ro\/stiri\/wp-json\/wp\/v2\/posts\/49041\/revisions"}],"wp:attachment":[{"href":"https:\/\/www.giurgiuveanul.ro\/stiri\/wp-json\/wp\/v2\/media?parent=49041"}],"wp:term":[{"taxonomy":"category","embeddable":true,"href":"https:\/\/www.giurgiuveanul.ro\/stiri\/wp-json\/wp\/v2\/categories?post=49041"},{"taxonomy":"post_tag","embeddable":true,"href":"https:\/\/www.giurgiuveanul.ro\/stiri\/wp-json\/wp\/v2\/tags?post=49041"}],"curies":[{"name":"wp","href":"https:\/\/api.w.org\/{rel}","templated":true}]}}