{"id":49047,"date":"2018-01-17T09:54:30","date_gmt":"2018-01-17T07:54:30","guid":{"rendered":"https:\/\/www.giurgiuveanul.ro\/stiri\/?p=49047"},"modified":"2018-01-17T09:54:30","modified_gmt":"2018-01-17T07:54:30","slug":"dosar-penal-pentru-minor-de-16-ani","status":"publish","type":"post","link":"https:\/\/www.giurgiuveanul.ro\/stiri\/dosar-penal-pentru-minor-de-16-ani\/","title":{"rendered":"Dosar penal pentru un minor de 16 ani"},"content":{"rendered":"<p style=\"text-align: justify;\"><strong><a href=\"https:\/\/www.giurgiuveanul.ro\/stiri\/wp-content\/uploads\/2018\/01\/dosar-penal-480x300.jpg\"><img loading=\"lazy\" decoding=\"async\" class=\"aligncenter size-full wp-image-49048\" src=\"https:\/\/www.giurgiuveanul.ro\/stiri\/wp-content\/uploads\/2018\/01\/dosar-penal-480x300.jpg\" alt=\"dosar-penal-480x300\" width=\"480\" height=\"300\" srcset=\"https:\/\/www.giurgiuveanul.ro\/stiri\/wp-content\/uploads\/2018\/01\/dosar-penal-480x300.jpg 480w, https:\/\/www.giurgiuveanul.ro\/stiri\/wp-content\/uploads\/2018\/01\/dosar-penal-480x300-250x156.jpg 250w, https:\/\/www.giurgiuveanul.ro\/stiri\/wp-content\/uploads\/2018\/01\/dosar-penal-480x300-400x250.jpg 400w\" sizes=\"auto, (max-width: 480px) 100vw, 480px\" \/><\/a>Poli\u021bi\u0219tii giurgiuveni <!--more-->au identificat un adolescent, de 16 ani, b\u0103nuit c\u0103 a sustras o sum\u0103 de bani \u0219i mai multe tichete de mas\u0103 din locuin\u021ba unei femei din comuna Malu.<\/strong><\/p>\n<p style=\"text-align: justify;\">Luni, 15 ianuarie a.c., poli\u021bi\u0219tii din cadrul Postului de Poli\u021bie Malu, jude\u021bul Giurgiu, au fost sesiza\u021bi de o femeie \u00een v\u00e2rst\u0103 de 41 de ani ,din aceia\u0219i localitate, c\u0103 persoane necunoscute au p\u0103truns \u00een locuin\u021ba sa \u0219i i-au sustras suma de 150 lei \u0219i cinci tichete de mas\u0103 \u00een valoare de 10 lei fiecare.<\/p>\n<p style=\"text-align: justify;\">\u00cen urma investiga\u021biilor efectuate de poli\u021bi\u0219ti a fost identificat un\u00a0adolescent de 16 ani, din comuna Malu, care profit\u00e2nd de faptul c\u0103, at\u00e2t u\u0219a de acces \u00een locuin\u021b\u0103 c\u00e2t \u0219i poarta au fost l\u0103sate descuiate \u0219i neasigurate, a p\u0103truns \u00een locuin\u021ba acesteia \u0219i a sustras suma de bani \u0219i tichetele de mas\u0103.<\/p>\n<p style=\"text-align: justify;\">\u00cen cauz\u0103 a fost recuperat par\u021bial prejudiciul, politistii continu\u00e2nd cercet\u0103rile sub aspectul s\u0103v\u00e2r\u0219irii infrac\u021biunii de furt calificat.<\/p>\n","protected":false},"excerpt":{"rendered":"<p>Poli\u021bi\u0219tii giurgiuveni<\/p>\n","protected":false},"author":1,"featured_media":0,"comment_status":"open","ping_status":"open","sticky":false,"template":"","format":"standard","meta":{"footnotes":""},"categories":[6],"tags":[],"class_list":["post-49047","post","type-post","status-publish","format-standard","hentry","category-breaking-news"],"_links":{"self":[{"href":"https:\/\/www.giurgiuveanul.ro\/stiri\/wp-json\/wp\/v2\/posts\/49047","targetHints":{"allow":["GET"]}}],"collection":[{"href":"https:\/\/www.giurgiuveanul.ro\/stiri\/wp-json\/wp\/v2\/posts"}],"about":[{"href":"https:\/\/www.giurgiuveanul.ro\/stiri\/wp-json\/wp\/v2\/types\/post"}],"author":[{"embeddable":true,"href":"https:\/\/www.giurgiuveanul.ro\/stiri\/wp-json\/wp\/v2\/users\/1"}],"replies":[{"embeddable":true,"href":"https:\/\/www.giurgiuveanul.ro\/stiri\/wp-json\/wp\/v2\/comments?post=49047"}],"version-history":[{"count":0,"href":"https:\/\/www.giurgiuveanul.ro\/stiri\/wp-json\/wp\/v2\/posts\/49047\/revisions"}],"wp:attachment":[{"href":"https:\/\/www.giurgiuveanul.ro\/stiri\/wp-json\/wp\/v2\/media?parent=49047"}],"wp:term":[{"taxonomy":"category","embeddable":true,"href":"https:\/\/www.giurgiuveanul.ro\/stiri\/wp-json\/wp\/v2\/categories?post=49047"},{"taxonomy":"post_tag","embeddable":true,"href":"https:\/\/www.giurgiuveanul.ro\/stiri\/wp-json\/wp\/v2\/tags?post=49047"}],"curies":[{"name":"wp","href":"https:\/\/api.w.org\/{rel}","templated":true}]}}