{"id":49053,"date":"2018-01-17T15:34:28","date_gmt":"2018-01-17T13:34:28","guid":{"rendered":"https:\/\/www.giurgiuveanul.ro\/stiri\/?p=49053"},"modified":"2018-01-17T15:34:28","modified_gmt":"2018-01-17T13:34:28","slug":"minora-accidentata-dupa-ce-s-a-angajat-in-trecerea-strazii-printr-un-loc-nepermis","status":"publish","type":"post","link":"https:\/\/www.giurgiuveanul.ro\/stiri\/minora-accidentata-dupa-ce-s-a-angajat-in-trecerea-strazii-printr-un-loc-nepermis\/","title":{"rendered":"Minor\u0103 accidentat\u0103 dup\u0103 ce s-a angajat \u00een trecerea str\u0103zii&#8230; printr-un loc nepermis!"},"content":{"rendered":"<p style=\"text-align: justify;\"><strong><a href=\"https:\/\/www.giurgiuveanul.ro\/stiri\/wp-content\/uploads\/2018\/01\/23politie77.jpg\"><img loading=\"lazy\" decoding=\"async\" class=\"aligncenter size-large wp-image-49054\" src=\"https:\/\/www.giurgiuveanul.ro\/stiri\/wp-content\/uploads\/2018\/01\/23politie77-560x420.jpg\" alt=\"23politie77\" width=\"560\" height=\"420\" srcset=\"https:\/\/www.giurgiuveanul.ro\/stiri\/wp-content\/uploads\/2018\/01\/23politie77-560x420.jpg 560w, https:\/\/www.giurgiuveanul.ro\/stiri\/wp-content\/uploads\/2018\/01\/23politie77-250x188.jpg 250w, https:\/\/www.giurgiuveanul.ro\/stiri\/wp-content\/uploads\/2018\/01\/23politie77-400x300.jpg 400w, https:\/\/www.giurgiuveanul.ro\/stiri\/wp-content\/uploads\/2018\/01\/23politie77.jpg 800w\" sizes=\"auto, (max-width: 560px) 100vw, 560px\" \/><\/a>O minor\u0103 <!--more-->din localitatea Ghimpa\u021bi a fost accidentat\u0103 \u00een timp traversa prin loc nemarcat \u0219i f\u0103r\u0103 s\u0103 se asigure.<\/strong><\/p>\n<p style=\"text-align: justify;\">Mar\u021bi, 16 ianuarie a.c., \u00een jurul orei 08.10, \u00een localitatea Ghimpa\u021bi, jude\u021bul Giurgiu, pe Drumul National 6, un b\u0103rbat de 43 ani, din comuna Poroschia, jude\u021bul \u00a0Teleorman, \u00een timp ce conducea un autoturism a accidentat o minor\u0103 de 11 ani, din comuna Ghimpa\u021bi, jude\u021bul Giurgiu, care s-a angajat \u00een traversarea Drumului Na\u021bional 6, prin loc nemarcat \u0219i f\u0103r\u0103 s\u0103 se asigure.<\/p>\n<p style=\"text-align: justify;\">Victima a fost transportat\u0103 la Spitalul Marie Curie Bucure\u0219ti, pentru acordarea de \u00eengrijiri medicale \u0219i efectuarea de investiga\u021bii de specialitate.<\/p>\n<p style=\"text-align: justify;\">Conduc\u0103torul auto a fost testat cu aparatul etilotest, rezultatul fiind zero alcool \u00een aerul expirat.<\/p>\n<p style=\"text-align: justify;\">Poli\u021bi\u0219tii rutieri au \u00eentocmit \u00een cauz\u0103 un dosar penal \u00een care efectueaz\u0103 cercet\u0103ri sub aspectul s\u0103v\u00e2r\u0219irii infrac\u021biunii de v\u0103t\u0103mare corporal\u0103 din culp\u0103.<\/p>\n","protected":false},"excerpt":{"rendered":"<p>O minor\u0103<\/p>\n","protected":false},"author":1,"featured_media":0,"comment_status":"open","ping_status":"open","sticky":false,"template":"","format":"standard","meta":{"footnotes":""},"categories":[6],"tags":[],"class_list":["post-49053","post","type-post","status-publish","format-standard","hentry","category-breaking-news"],"_links":{"self":[{"href":"https:\/\/www.giurgiuveanul.ro\/stiri\/wp-json\/wp\/v2\/posts\/49053","targetHints":{"allow":["GET"]}}],"collection":[{"href":"https:\/\/www.giurgiuveanul.ro\/stiri\/wp-json\/wp\/v2\/posts"}],"about":[{"href":"https:\/\/www.giurgiuveanul.ro\/stiri\/wp-json\/wp\/v2\/types\/post"}],"author":[{"embeddable":true,"href":"https:\/\/www.giurgiuveanul.ro\/stiri\/wp-json\/wp\/v2\/users\/1"}],"replies":[{"embeddable":true,"href":"https:\/\/www.giurgiuveanul.ro\/stiri\/wp-json\/wp\/v2\/comments?post=49053"}],"version-history":[{"count":0,"href":"https:\/\/www.giurgiuveanul.ro\/stiri\/wp-json\/wp\/v2\/posts\/49053\/revisions"}],"wp:attachment":[{"href":"https:\/\/www.giurgiuveanul.ro\/stiri\/wp-json\/wp\/v2\/media?parent=49053"}],"wp:term":[{"taxonomy":"category","embeddable":true,"href":"https:\/\/www.giurgiuveanul.ro\/stiri\/wp-json\/wp\/v2\/categories?post=49053"},{"taxonomy":"post_tag","embeddable":true,"href":"https:\/\/www.giurgiuveanul.ro\/stiri\/wp-json\/wp\/v2\/tags?post=49053"}],"curies":[{"name":"wp","href":"https:\/\/api.w.org\/{rel}","templated":true}]}}