{"id":49062,"date":"2018-01-18T08:39:20","date_gmt":"2018-01-18T06:39:20","guid":{"rendered":"https:\/\/www.giurgiuveanul.ro\/stiri\/?p=49062"},"modified":"2018-01-18T08:39:42","modified_gmt":"2018-01-18T06:39:42","slug":"accident-rutier-produs-pe-fondul-neadaptarii-vitezei-3","status":"publish","type":"post","link":"https:\/\/www.giurgiuveanul.ro\/stiri\/accident-rutier-produs-pe-fondul-neadaptarii-vitezei-3\/","title":{"rendered":"Accident rutier produs pe fondul neadapt\u0103rii vitezei"},"content":{"rendered":"<p style=\"text-align: justify;\"><strong><a href=\"https:\/\/www.giurgiuveanul.ro\/stiri\/wp-content\/uploads\/2018\/01\/Accident-rutier-2.jpg\"><img loading=\"lazy\" decoding=\"async\" class=\"aligncenter size-large wp-image-49064\" src=\"https:\/\/www.giurgiuveanul.ro\/stiri\/wp-content\/uploads\/2018\/01\/Accident-rutier-2-560x300.jpg\" alt=\"Accident-rutier-2\" width=\"560\" height=\"300\" srcset=\"https:\/\/www.giurgiuveanul.ro\/stiri\/wp-content\/uploads\/2018\/01\/Accident-rutier-2-560x300.jpg 560w, https:\/\/www.giurgiuveanul.ro\/stiri\/wp-content\/uploads\/2018\/01\/Accident-rutier-2-250x134.jpg 250w, https:\/\/www.giurgiuveanul.ro\/stiri\/wp-content\/uploads\/2018\/01\/Accident-rutier-2-400x214.jpg 400w, https:\/\/www.giurgiuveanul.ro\/stiri\/wp-content\/uploads\/2018\/01\/Accident-rutier-2.jpg 800w\" sizes=\"auto, (max-width: 560px) 100vw, 560px\" \/><\/a>O conduc\u0103toare auto a fost r\u0103nit\u0103<!--more--> u\u0219or, \u00een urma unui accident produs pe fondul neadapt\u0103rii vitezei la condi\u021biile de drum.<\/strong><\/p>\n<p style=\"text-align: justify;\">Recent,\u00a0o t\u00e2n\u0103r\u0103 de 29 ani, \u00een timp ce conducea autoturismul pe Drumul Jude\u021bean 601, nu a adaptat viteza la condi\u021biile de drum, respectiv carosabil acoperit cu z\u0103pad\u0103 \u0219i \u00eentr-o curb\u0103 u\u0219oar\u0103 la dreapta, a p\u0103r\u0103sit partea carosabil\u0103 \u00a0intr\u00e2nd \u00eentr-un \u0219an\u021b.<\/p>\n<p style=\"text-align: justify;\">\u00cen urma accidentului a rezultat r\u0103nirea\u00a0 conduc\u0103toarei auto, care a fost transportat\u0103 la Spitalul Municipal Bucure\u0219ti, \u00een vederea acord\u0103rii de \u00eengrijiri medicale \u0219i efectu\u0103rii de investiga\u021bii.<\/p>\n<p style=\"text-align: justify;\">Conduc\u0103toarea auto a fost testat\u0103 cu aparatul etilotest, rezultatul fiind 0.00 mg\/l alcool pur \u00een aerul expirat fiindu-i recoltate probe biologice de s\u00e2nge \u00een vederea stabilirii alcoolemiei.<\/p>\n<p style=\"text-align: justify;\">Poli\u021bi\u0219tii au \u00eentocmit \u00een cauz\u0103 un dosar penal \u00een care efectueaz\u0103 cercet\u0103ri sub aspectul s\u0103v\u00e2r\u0219irii infrac\u021biunii de v\u0103t\u0103mare corporal\u0103 din culp\u0103.<\/p>\n","protected":false},"excerpt":{"rendered":"<p>O conduc\u0103toare auto a fost r\u0103nit\u0103<\/p>\n","protected":false},"author":1,"featured_media":0,"comment_status":"open","ping_status":"open","sticky":false,"template":"","format":"standard","meta":{"footnotes":""},"categories":[6],"tags":[],"class_list":["post-49062","post","type-post","status-publish","format-standard","hentry","category-breaking-news"],"_links":{"self":[{"href":"https:\/\/www.giurgiuveanul.ro\/stiri\/wp-json\/wp\/v2\/posts\/49062","targetHints":{"allow":["GET"]}}],"collection":[{"href":"https:\/\/www.giurgiuveanul.ro\/stiri\/wp-json\/wp\/v2\/posts"}],"about":[{"href":"https:\/\/www.giurgiuveanul.ro\/stiri\/wp-json\/wp\/v2\/types\/post"}],"author":[{"embeddable":true,"href":"https:\/\/www.giurgiuveanul.ro\/stiri\/wp-json\/wp\/v2\/users\/1"}],"replies":[{"embeddable":true,"href":"https:\/\/www.giurgiuveanul.ro\/stiri\/wp-json\/wp\/v2\/comments?post=49062"}],"version-history":[{"count":0,"href":"https:\/\/www.giurgiuveanul.ro\/stiri\/wp-json\/wp\/v2\/posts\/49062\/revisions"}],"wp:attachment":[{"href":"https:\/\/www.giurgiuveanul.ro\/stiri\/wp-json\/wp\/v2\/media?parent=49062"}],"wp:term":[{"taxonomy":"category","embeddable":true,"href":"https:\/\/www.giurgiuveanul.ro\/stiri\/wp-json\/wp\/v2\/categories?post=49062"},{"taxonomy":"post_tag","embeddable":true,"href":"https:\/\/www.giurgiuveanul.ro\/stiri\/wp-json\/wp\/v2\/tags?post=49062"}],"curies":[{"name":"wp","href":"https:\/\/api.w.org\/{rel}","templated":true}]}}