{"id":49067,"date":"2018-01-18T09:01:32","date_gmt":"2018-01-18T07:01:32","guid":{"rendered":"https:\/\/www.giurgiuveanul.ro\/stiri\/?p=49067"},"modified":"2018-01-18T09:01:44","modified_gmt":"2018-01-18T07:01:44","slug":"ajutoare-pentru-crescatorii-de-porci-din-rasele-bazna-si-mangalita","status":"publish","type":"post","link":"https:\/\/www.giurgiuveanul.ro\/stiri\/ajutoare-pentru-crescatorii-de-porci-din-rasele-bazna-si-mangalita\/","title":{"rendered":"Ajutoare pentru cresc\u0103torii de porci din rasele Bazna \u0219i Mangali\u021ba"},"content":{"rendered":"<p style=\"text-align: justify;\"><strong><a href=\"https:\/\/www.giurgiuveanul.ro\/stiri\/wp-content\/uploads\/2018\/01\/mangalita_62932200.jpg\"><img loading=\"lazy\" decoding=\"async\" class=\"aligncenter size-large wp-image-49069\" src=\"https:\/\/www.giurgiuveanul.ro\/stiri\/wp-content\/uploads\/2018\/01\/mangalita_62932200-560x420.jpg\" alt=\"mangalita_62932200\" width=\"560\" height=\"420\" srcset=\"https:\/\/www.giurgiuveanul.ro\/stiri\/wp-content\/uploads\/2018\/01\/mangalita_62932200-560x420.jpg 560w, https:\/\/www.giurgiuveanul.ro\/stiri\/wp-content\/uploads\/2018\/01\/mangalita_62932200-250x188.jpg 250w, https:\/\/www.giurgiuveanul.ro\/stiri\/wp-content\/uploads\/2018\/01\/mangalita_62932200-400x300.jpg 400w, https:\/\/www.giurgiuveanul.ro\/stiri\/wp-content\/uploads\/2018\/01\/mangalita_62932200.jpg 620w\" sizes=\"auto, (max-width: 560px) 100vw, 560px\" \/><\/a>Cresc\u0103torii de porci din rasele Bazna \u0219i Mangali\u021ba vor beneficia,<!--more--> \u00een perioada 2018-2020, de o schem\u0103 de sprijin financiar pentru aplicarea programului de sus\u021binere a acestora \u00een vederea producerii c\u0103rnii de porc, pentru cre\u0219terea, \u00eengr\u0103\u0219area \u0219i livrarea porcilor din rasele Bazna sau Mangali\u021ba c\u0103tre un procesator\/alt\u0103 persoan\u0103 juridic\u0103, potrivit unei Hot\u0103r\u00e2ri adoptat\u0103 de Guvern.<\/strong><\/p>\n<p style=\"text-align: justify;\">La aceast\u0103 schem\u0103 de ajutor de minimis particip\u0103, pe baze contractuale, furnizorii de purcei din rasele Bazna \u0219i\/sau Mangali\u021ba, cresc\u0103torii de porci din rasele Bazna \u0219i\/sau Mangali\u021ba \u0219i procesatorii\/alte persoane juridice care def\u0103\u0219oar\u0103 activit\u0103\u021bi de prelucrare \u0219i conservare a c\u0103rnii, activit\u0103\u021bi de comer\u021b cu ridicata al c\u0103rnii \u0219i produselor din carne, activit\u0103\u021bi de comer\u021b cu am\u0103nuntul al c\u0103rnii \u0219i al produselor din carne.<\/p>\n<p style=\"text-align: justify;\"><a href=\"https:\/\/www.giurgiuveanul.ro\/stiri\/wp-content\/uploads\/2018\/01\/porci-bazna.jpg\"><img loading=\"lazy\" decoding=\"async\" class=\"aligncenter size-large wp-image-49070\" src=\"https:\/\/www.giurgiuveanul.ro\/stiri\/wp-content\/uploads\/2018\/01\/porci-bazna-560x373.jpg\" alt=\"???????????????????????????????????????????????????????????????\" width=\"560\" height=\"373\" srcset=\"https:\/\/www.giurgiuveanul.ro\/stiri\/wp-content\/uploads\/2018\/01\/porci-bazna-560x373.jpg 560w, https:\/\/www.giurgiuveanul.ro\/stiri\/wp-content\/uploads\/2018\/01\/porci-bazna-250x166.jpg 250w, https:\/\/www.giurgiuveanul.ro\/stiri\/wp-content\/uploads\/2018\/01\/porci-bazna-400x266.jpg 400w, https:\/\/www.giurgiuveanul.ro\/stiri\/wp-content\/uploads\/2018\/01\/porci-bazna.jpg 640w\" sizes=\"auto, (max-width: 560px) 100vw, 560px\" \/><\/a><\/p>\n<p style=\"text-align: justify;\">Potrivit acestui program de sprijin, cresc\u0103torii de porci din rasele Bazna \u0219i Mangali\u021ba, care \u00ee\u0219i desf\u0103\u0219oar\u0103 activitatea \u00een sectorul produc\u021biei primare, vor primi cu titlu gratuit, un num\u0103r par de purcei, minim 2 \u0219i maxim 10, pentru cre\u0219tere, \u00eengr\u0103\u0219are \u0219i livrare c\u0103tre un procesator cu care au \u00eencheiat contract \u00een acest sens.<\/p>\n<p style=\"text-align: justify;\">Purceii pentru cre\u0219tere \u0219i \u00eengr\u0103\u0219are sunt prelua\u021bi de procesatori de la furnizorii de purcei din rasele Bazna \u0219i\/sau Mangali\u021ba, \u00een baza unui contract de livrare \u0219i transporta\u021bi cresc\u0103torilor de porci.<\/p>\n<p style=\"text-align: justify;\">Ajutorul de minimis reprezint\u0103 num\u0103rul de purcei primi\u021bi cu titlu gratuit din rasele Bazna \u0219i\/sau Mangali\u021ba de beneficiari, iar valoarea acestuia se calculeaz\u0103 solicitantului ajutorului, respectiv furnizorul de purcei, prin \u00eenmul\u021birea num\u0103rului de purcei cu 250 lei\/cap purcel.<\/p>\n<p style=\"text-align: justify;\">Pentru a beneficia de acest program, cresc\u0103torii de porci trebuie s\u0103 \u00eendeplineasc\u0103 cumulativ urm\u0103toarele condi\u0163ii de eligibilitate:<\/p>\n<ol style=\"text-align: justify;\">\n<li>a) s\u0103 de\u0163in\u0103 exploata\u021bii \u00eenregistrate\/autorizate sanitar veterinar;<\/li>\n<\/ol>\n<ol style=\"text-align: justify;\">\n<li>b) s\u0103 \u00eencheie un contract cu un procesator sau cu alt\u0103 persoan\u0103 juridic\u0103;<\/li>\n<\/ol>\n<ol style=\"text-align: justify;\">\n<li>c) s\u0103 primeasc\u0103 cu titlu gratuit, un num\u0103r par de purcei, minim 2 \u0219i maxim 10, de la un procesator sau de la o alt\u0103 persoan\u0103 juridic\u0103, cu care are \u00eencheiat contract;<\/li>\n<\/ol>\n<ol style=\"text-align: justify;\">\n<li>d) s\u0103 livreze minimum 50% din purceii primi\u021bi cu titlu gratuit, la procesatorul sau la alt\u0103 persoan\u0103 juridic\u0103, cu care a \u00eencheiat contract, la o greutate, \u00een viu, de minim 130 kg\/cap;<\/li>\n<\/ol>\n<ol style=\"text-align: justify;\">\n<li>e) s\u0103 respecte structura ra\u021biei furajere stabilit\u0103 \u00een contractul cu procesatorul sau cu o alt\u0103 persoan\u0103 juridic\u0103;<\/li>\n<\/ol>\n<ol style=\"text-align: justify;\">\n<li>f) s\u0103 de\u0163in\u0103 registrul individual al exploata\u0163iei, completat \u0219i actualizat, \u00een conformitate cu prevederile art.1 pct.16 din anexa la Ordinul ANSVSA nr. 40\/2010 privind aprobarea Normei sanitare veterinare pentru implementarea procesului de identificare \u015fi \u00eenregistrare a suinelor, ovinelor, caprinelor \u015fi bovinelor, cu modific\u0103rile \u0219i complet\u0103rile ulterioare.<\/li>\n<\/ol>\n<p style=\"text-align: justify;\">Furnizorii de porci solicitan\u021bi ai ajutorului de minimis, trebuie s\u0103 \u00eendeplineasc\u0103 urm\u0103toarele condi\u021bii:<\/p>\n<ol style=\"text-align: justify;\">\n<li>a) sa de\u021bin\u0103 scroafe \u0219i\/sau scrofi\u021be, \u00eenscrise \u00een registrul genealogic;<\/li>\n<\/ol>\n<ol style=\"text-align: justify;\">\n<li>b) s\u0103 furnizeze purcei \u00een\u021b\u0103rca\u021bi c\u0103tre procesator sau alt\u0103 persoan\u0103 juridic\u0103, la greutate minim\u0103 de 10 kg\/cap, \u00een baza unui contract de livrare;<\/li>\n<\/ol>\n<ol style=\"text-align: justify;\">\n<li>c) purceii s\u0103 fie identifica\u021bi potrivit legisla\u021biei \u00een vigoare.<\/li>\n<\/ol>\n<p style=\"text-align: justify;\">Procesatorii \u0219i alte persoane juridice trebuie s\u0103 \u00eendeplineasc\u0103 urm\u0103toarele condi\u021bii:<\/p>\n<p style=\"text-align: justify;\">* s\u0103 preia purceii de la furnizori, \u00een baza unui contract de livrare \u0219i s\u0103 \u00eei transporte c\u0103tre beneficiari,<\/p>\n<p style=\"text-align: justify;\">* s\u0103\u00a0 \u00eencheie contract cu beneficiarii pentru cre\u0219terea \u0219i \u00eengr\u0103\u0219area purceilor,<\/p>\n<p style=\"text-align: justify;\">* s\u0103 preia de la beneficiari, \u00een vederea abatorizarii si procesarii, cel pu\u021bin 50% din efectivul de purcei destinat \u00eengr\u0103\u0219\u0103rii\/beneficiar, la o greutate minim\u0103, \u00een viu, de 130 kg\/cap<\/p>\n<p style=\"text-align: justify;\">* s\u0103 pl\u0103teasc\u0103 beneficiarului pre\u021bul stabilit prin contract.<\/p>\n<p style=\"text-align: justify;\">\u00cen termen de 90 de zile de la data intr\u0103rii \u00een vigoare a prezentei hot\u0103r\u00e2ri, furnizorii de purcei din rasele Bazna \u0219i\/sau Mangali\u021ba, cresc\u0103torii de porci din rasele Bazna \u0219i\/sau Mangalita \u0219i procesatorii\/alte persoane juridice, pot solicita \u00eenscrierea \u00een Program, \u00een baza unei cereri, care se depune la direc\u021bia agricol\u0103 jude\u021bean\u0103 (DAJ), care \u00eei \u00eenregistreaz\u0103 \u00een registrele unice corespunz\u0103toare, precum \u0219i \u00een registrul de eviden\u021b\u0103 al ajutorului de minimis.<\/p>\n<p style=\"text-align: justify;\"><strong>Durata de aplicare a acestei scheme de ajutor de minimis este 2018-2020, iar valoarea total\u0103 a schemei de ajutor de minimis pentru anul 2018 este de 4,6 mil. lei, \u00een limita sumelor aprobate Ministerului Agriculturii \u015fi Dezvolt\u0103rii Rurale cu aceast\u0103 destina\u021bie, de la bugetul de stat.<\/strong><\/p>\n<p style=\"text-align: justify;\">\n","protected":false},"excerpt":{"rendered":"<p>Cresc\u0103torii de porci din rasele Bazna \u0219i Mangali\u021ba vor beneficia,<\/p>\n","protected":false},"author":1,"featured_media":0,"comment_status":"open","ping_status":"open","sticky":false,"template":"","format":"standard","meta":{"footnotes":""},"categories":[6],"tags":[],"class_list":["post-49067","post","type-post","status-publish","format-standard","hentry","category-breaking-news"],"_links":{"self":[{"href":"https:\/\/www.giurgiuveanul.ro\/stiri\/wp-json\/wp\/v2\/posts\/49067","targetHints":{"allow":["GET"]}}],"collection":[{"href":"https:\/\/www.giurgiuveanul.ro\/stiri\/wp-json\/wp\/v2\/posts"}],"about":[{"href":"https:\/\/www.giurgiuveanul.ro\/stiri\/wp-json\/wp\/v2\/types\/post"}],"author":[{"embeddable":true,"href":"https:\/\/www.giurgiuveanul.ro\/stiri\/wp-json\/wp\/v2\/users\/1"}],"replies":[{"embeddable":true,"href":"https:\/\/www.giurgiuveanul.ro\/stiri\/wp-json\/wp\/v2\/comments?post=49067"}],"version-history":[{"count":0,"href":"https:\/\/www.giurgiuveanul.ro\/stiri\/wp-json\/wp\/v2\/posts\/49067\/revisions"}],"wp:attachment":[{"href":"https:\/\/www.giurgiuveanul.ro\/stiri\/wp-json\/wp\/v2\/media?parent=49067"}],"wp:term":[{"taxonomy":"category","embeddable":true,"href":"https:\/\/www.giurgiuveanul.ro\/stiri\/wp-json\/wp\/v2\/categories?post=49067"},{"taxonomy":"post_tag","embeddable":true,"href":"https:\/\/www.giurgiuveanul.ro\/stiri\/wp-json\/wp\/v2\/tags?post=49067"}],"curies":[{"name":"wp","href":"https:\/\/api.w.org\/{rel}","templated":true}]}}