{"id":49072,"date":"2018-01-18T09:13:25","date_gmt":"2018-01-18T07:13:25","guid":{"rendered":"https:\/\/www.giurgiuveanul.ro\/stiri\/?p=49072"},"modified":"2018-01-18T09:13:25","modified_gmt":"2018-01-18T07:13:25","slug":"cum-vremea-la-giurgiu-si-cum-se-circula-pe-drumurile-din-judet","status":"publish","type":"post","link":"https:\/\/www.giurgiuveanul.ro\/stiri\/cum-vremea-la-giurgiu-si-cum-se-circula-pe-drumurile-din-judet\/","title":{"rendered":"Cum e vremea la Giurgiu \u0219i cum se circul\u0103 pe drumurile din jude\u021b"},"content":{"rendered":"<p style=\"text-align: justify;\"><strong><a href=\"https:\/\/www.giurgiuveanul.ro\/stiri\/wp-content\/uploads\/2018\/01\/IMG_3042.jpg\"><img loading=\"lazy\" decoding=\"async\" class=\"aligncenter size-large wp-image-49073\" src=\"https:\/\/www.giurgiuveanul.ro\/stiri\/wp-content\/uploads\/2018\/01\/IMG_3042-560x413.jpg\" alt=\"IMG_3042\" width=\"560\" height=\"413\" srcset=\"https:\/\/www.giurgiuveanul.ro\/stiri\/wp-content\/uploads\/2018\/01\/IMG_3042-560x413.jpg 560w, https:\/\/www.giurgiuveanul.ro\/stiri\/wp-content\/uploads\/2018\/01\/IMG_3042-250x184.jpg 250w, https:\/\/www.giurgiuveanul.ro\/stiri\/wp-content\/uploads\/2018\/01\/IMG_3042-400x295.jpg 400w, https:\/\/www.giurgiuveanul.ro\/stiri\/wp-content\/uploads\/2018\/01\/IMG_3042.jpg 800w\" sizes=\"auto, (max-width: 560px) 100vw, 560px\" \/><\/a>Ast\u0103zi, la Giurgiu, <!--more-->cerul va fi par\u021bial noros, iar v\u00e2ntul va sufla cu 30 km la or\u0103. Maxima zilei va fi de 6 grade Celsius iar minima de -1 grad.<\/strong><\/p>\n<p style=\"text-align: justify;\">Sunt condi\u021bii de ploaie \u0219i lapovi\u021b\u0103 \u00een urm\u0103toarele ore. Temperatura aerului este \u00een acest moment de 4 grade Celsius. V\u00e2ntul se va intensifica treptat \u00een cursul dup\u0103-amiezii, c\u00e2nd vor fi rafale de peste 65 km\/h.<\/p>\n<p style=\"text-align: justify;\">Conduc\u0103torii auto trebuie s\u0103 manifeste aten\u021bie sporit\u0103 \u00een trafic, deoarece sunt condi\u021bii de formare a poleiului pe drumurile din jude\u021b. Din fericire, \u00een jude\u021bul Giurgiu, nu s-a \u00eenregistrat niciun accident rutier din cauza carosabilului umed.<\/p>\n<p style=\"text-align: justify;\">Veste bun\u0103 pentru conduc\u0103torii de tiruri. Nu mai sunt cozi kilometrice la Punctul de Frontier\u0103 Giurgiu, circula\u021bia este redus\u0103 iar timpii de a\u0219teptare sunt de doar 30 de minute.<\/p>\n","protected":false},"excerpt":{"rendered":"<p>Ast\u0103zi, la Giurgiu,<\/p>\n","protected":false},"author":1,"featured_media":0,"comment_status":"open","ping_status":"open","sticky":false,"template":"","format":"standard","meta":{"footnotes":""},"categories":[6],"tags":[],"class_list":["post-49072","post","type-post","status-publish","format-standard","hentry","category-breaking-news"],"_links":{"self":[{"href":"https:\/\/www.giurgiuveanul.ro\/stiri\/wp-json\/wp\/v2\/posts\/49072","targetHints":{"allow":["GET"]}}],"collection":[{"href":"https:\/\/www.giurgiuveanul.ro\/stiri\/wp-json\/wp\/v2\/posts"}],"about":[{"href":"https:\/\/www.giurgiuveanul.ro\/stiri\/wp-json\/wp\/v2\/types\/post"}],"author":[{"embeddable":true,"href":"https:\/\/www.giurgiuveanul.ro\/stiri\/wp-json\/wp\/v2\/users\/1"}],"replies":[{"embeddable":true,"href":"https:\/\/www.giurgiuveanul.ro\/stiri\/wp-json\/wp\/v2\/comments?post=49072"}],"version-history":[{"count":0,"href":"https:\/\/www.giurgiuveanul.ro\/stiri\/wp-json\/wp\/v2\/posts\/49072\/revisions"}],"wp:attachment":[{"href":"https:\/\/www.giurgiuveanul.ro\/stiri\/wp-json\/wp\/v2\/media?parent=49072"}],"wp:term":[{"taxonomy":"category","embeddable":true,"href":"https:\/\/www.giurgiuveanul.ro\/stiri\/wp-json\/wp\/v2\/categories?post=49072"},{"taxonomy":"post_tag","embeddable":true,"href":"https:\/\/www.giurgiuveanul.ro\/stiri\/wp-json\/wp\/v2\/tags?post=49072"}],"curies":[{"name":"wp","href":"https:\/\/api.w.org\/{rel}","templated":true}]}}