{"id":49093,"date":"2018-01-19T09:48:23","date_gmt":"2018-01-19T07:48:23","guid":{"rendered":"https:\/\/www.giurgiuveanul.ro\/stiri\/?p=49093"},"modified":"2018-01-19T17:00:42","modified_gmt":"2018-01-19T15:00:42","slug":"presedintele-consiliului-judetean-giurgiu-obtinut-finantare-pentru-reabiltarea-si-dotarea-spitalului-judetean-consilierii-liberali-au-votat-impotriva-comunitatii","status":"publish","type":"post","link":"https:\/\/www.giurgiuveanul.ro\/stiri\/presedintele-consiliului-judetean-giurgiu-obtinut-finantare-pentru-reabiltarea-si-dotarea-spitalului-judetean-consilierii-liberali-au-votat-impotriva-comunitatii\/","title":{"rendered":"Pre\u015fedintele Consiliului Jude\u021bean Giurgiu a ob\u0163inut finan\u0163are pentru reabiltarea \u015fi dotarea Spitalului Jude\u0163ean! Consilierii liberali au votat \u00eempotriva comunit\u0103\u0163ii!"},"content":{"rendered":"<p style=\"text-align: justify;\"><strong><a href=\"https:\/\/www.giurgiuveanul.ro\/stiri\/wp-content\/uploads\/2018\/01\/IMG_3665.jpg\"><img loading=\"lazy\" decoding=\"async\" class=\"aligncenter size-large wp-image-49094\" src=\"https:\/\/www.giurgiuveanul.ro\/stiri\/wp-content\/uploads\/2018\/01\/IMG_3665-560x421.jpg\" alt=\"IMG_3665\" width=\"560\" height=\"421\" srcset=\"https:\/\/www.giurgiuveanul.ro\/stiri\/wp-content\/uploads\/2018\/01\/IMG_3665-560x421.jpg 560w, https:\/\/www.giurgiuveanul.ro\/stiri\/wp-content\/uploads\/2018\/01\/IMG_3665-250x188.jpg 250w, https:\/\/www.giurgiuveanul.ro\/stiri\/wp-content\/uploads\/2018\/01\/IMG_3665-400x301.jpg 400w, https:\/\/www.giurgiuveanul.ro\/stiri\/wp-content\/uploads\/2018\/01\/IMG_3665.jpg 800w\" sizes=\"auto, (max-width: 560px) 100vw, 560px\" \/><\/a>Pre\u015fedintele Consiliului Jude\u021bean Giurgiu, Marian Mina, a ob\u021binut finan\u021bare prin intermediul <!--more-->Programului na\u021bional de construc\u021bii de interes public sau social de la Ministerul Dezvolt\u0103rii Regionale, prin Compania Na\u021bional\u0103 de Investi\u021bii, pentru realizarea obiectivului de investi\u021bii \u201dReabilitare \u0219i dotare Corp Spital Nou C1+C2&#8243;.<\/strong><\/p>\n<p style=\"text-align: justify;\">Conform legii, pentru obiectivele de investi\u021bii propuse a fi finan\u021bate \u00een cadrul programului, altele dec\u00e2t construc\u021biile noi, beneficiarii predau amplasamentele pe baz\u0103 de protocol Companiei Na\u021bionale de Investi\u021bii, pe durata de realizare a investi\u021biei.<\/p>\n<p style=\"text-align: justify;\">Acest are ca obiectiv cre\u0219terea accesibilit\u0103\u021bii popula\u021biei din jude\u021bul Giurgiu la serviciile de s\u0103n\u0103tate oferite de Spitalul Jude\u021bean de Urgen\u021b\u0103 Giurgiu.<\/p>\n<p style=\"text-align: justify;\"><a href=\"https:\/\/www.giurgiuveanul.ro\/stiri\/wp-content\/uploads\/2018\/01\/IMG_3691.jpg\"><img loading=\"lazy\" decoding=\"async\" class=\"aligncenter size-large wp-image-49095\" src=\"https:\/\/www.giurgiuveanul.ro\/stiri\/wp-content\/uploads\/2018\/01\/IMG_3691-548x450.jpg\" alt=\"IMG_3691\" width=\"548\" height=\"450\" srcset=\"https:\/\/www.giurgiuveanul.ro\/stiri\/wp-content\/uploads\/2018\/01\/IMG_3691-548x450.jpg 548w, https:\/\/www.giurgiuveanul.ro\/stiri\/wp-content\/uploads\/2018\/01\/IMG_3691-250x205.jpg 250w, https:\/\/www.giurgiuveanul.ro\/stiri\/wp-content\/uploads\/2018\/01\/IMG_3691-400x329.jpg 400w, https:\/\/www.giurgiuveanul.ro\/stiri\/wp-content\/uploads\/2018\/01\/IMG_3691.jpg 800w\" sizes=\"auto, (max-width: 548px) 100vw, 548px\" \/><\/a><\/p>\n<p style=\"text-align: justify;\">\u00cen cadrul \u015fedin\u0163ei Consiliului Jude\u0163ean Giurgiu, de ieri, proiectul a trecut cu votul majorit\u0103\u0163ii PSD-ALDE, consilierii PNL au dat un vot negativ, ab\u00e2\u0163in\u00e2ndu-se.<\/p>\n<p style=\"text-align: justify;\"><em>\u201e\u00cen calitate de pre\u015fedinte al Consiliului Jude\u0163ean Giurgiu, condamn ferm atitudinea consilierilor PNL \u015fi faptul c\u0103 se ab\u0163in la proiecte at\u00e2t de importante, adic\u0103 dau un vot negativ. Acest lucru arat\u0103, de fapt, c\u0103 se opun dezvolt\u0103rii acestui jude\u0163! \u00cen plus, justific\u0103rile votului lor frizeaz\u0103 uneori ridicolul, \u015fi, cel mai des, dumnealor ignor\u0103 absolut toate explica\u0163iile speciali\u015ftilor \u015fi \u00eei jignesc pe cei care cunosc administra\u0163ie. Consider c\u0103 nu este normal ca liberalii s\u0103 pun\u0103 \u00een aplicare, \u00een Consiliul Jude\u0163ean, exclusiv ni\u015fte decizii politice impuse de c\u0103tre \u015feful lor de la partid, \u00een condi\u021biile \u00een care, 8 ani c\u00e2t au avut conducerea jude\u021bului au adus spitalul, \u0219i nu numai, \u00een stadiul deplorabil de acum! Giurgiuvenii i-au trimis acolo ca s\u0103 pun\u0103 um\u0103rul la dezvoltarea jude\u0163ului \u015fi ei au depus un jur\u0103m\u00e2nt \u00een acest sens. Dumnealor, \u00eens\u0103, nu fac altceva dec\u00e2t s\u0103 \u00ee\u015fi bat\u0103 joc de cet\u0103\u0163eni! Domnilor, nevoile giurgiuvenilor \u0219i ale jude\u021bului trebuie s\u0103 primeze! Spitalul jude\u021bean \u0219i \u00eentreg jude\u021bul Giurgiu trebuie s\u0103 se ridice la nivelul standardelor Uniunii Europene!\u201d<\/em>, a declarat pre\u015fedintele Consiliului Jude\u0163ean Giurgiu, Marian Mina.<\/p>\n","protected":false},"excerpt":{"rendered":"<p>Pre\u015fedintele Consiliului Jude\u021bean Giurgiu, Marian Mina, a ob\u021binut finan\u021bare prin intermediul<\/p>\n","protected":false},"author":1,"featured_media":0,"comment_status":"open","ping_status":"open","sticky":false,"template":"","format":"standard","meta":{"footnotes":""},"categories":[6],"tags":[],"class_list":["post-49093","post","type-post","status-publish","format-standard","hentry","category-breaking-news"],"_links":{"self":[{"href":"https:\/\/www.giurgiuveanul.ro\/stiri\/wp-json\/wp\/v2\/posts\/49093","targetHints":{"allow":["GET"]}}],"collection":[{"href":"https:\/\/www.giurgiuveanul.ro\/stiri\/wp-json\/wp\/v2\/posts"}],"about":[{"href":"https:\/\/www.giurgiuveanul.ro\/stiri\/wp-json\/wp\/v2\/types\/post"}],"author":[{"embeddable":true,"href":"https:\/\/www.giurgiuveanul.ro\/stiri\/wp-json\/wp\/v2\/users\/1"}],"replies":[{"embeddable":true,"href":"https:\/\/www.giurgiuveanul.ro\/stiri\/wp-json\/wp\/v2\/comments?post=49093"}],"version-history":[{"count":0,"href":"https:\/\/www.giurgiuveanul.ro\/stiri\/wp-json\/wp\/v2\/posts\/49093\/revisions"}],"wp:attachment":[{"href":"https:\/\/www.giurgiuveanul.ro\/stiri\/wp-json\/wp\/v2\/media?parent=49093"}],"wp:term":[{"taxonomy":"category","embeddable":true,"href":"https:\/\/www.giurgiuveanul.ro\/stiri\/wp-json\/wp\/v2\/categories?post=49093"},{"taxonomy":"post_tag","embeddable":true,"href":"https:\/\/www.giurgiuveanul.ro\/stiri\/wp-json\/wp\/v2\/tags?post=49093"}],"curies":[{"name":"wp","href":"https:\/\/api.w.org\/{rel}","templated":true}]}}