{"id":49097,"date":"2018-01-19T10:06:12","date_gmt":"2018-01-19T08:06:12","guid":{"rendered":"https:\/\/www.giurgiuveanul.ro\/stiri\/?p=49097"},"modified":"2018-01-19T10:06:12","modified_gmt":"2018-01-19T08:06:12","slug":"ministrul-toma-petcu-in-aceasta-perioada-nu-sunt-probleme-in-privinta-alimentarii-cu-energie-iar-aprovizionarea-cu-electricitate-si-gaze-este-in-grafic","status":"publish","type":"post","link":"https:\/\/www.giurgiuveanul.ro\/stiri\/ministrul-toma-petcu-in-aceasta-perioada-nu-sunt-probleme-in-privinta-alimentarii-cu-energie-iar-aprovizionarea-cu-electricitate-si-gaze-este-in-grafic\/","title":{"rendered":"Ministrul Toma Petcu: \u201e\u00cen aceast\u0103 perioad\u0103, nu sunt probleme \u00een privin\u0163a aliment\u0103rii cu energie, iar aprovizionarea cu electricitate \u015fi gaze este \u00een grafic&#8221;"},"content":{"rendered":"<p style=\"text-align: justify;\"><strong><a href=\"https:\/\/www.giurgiuveanul.ro\/stiri\/wp-content\/uploads\/2018\/01\/646x404.jpg\"><img loading=\"lazy\" decoding=\"async\" class=\"aligncenter size-large wp-image-49098\" src=\"https:\/\/www.giurgiuveanul.ro\/stiri\/wp-content\/uploads\/2018\/01\/646x404-560x350.jpg\" alt=\"646x404\" width=\"560\" height=\"350\" srcset=\"https:\/\/www.giurgiuveanul.ro\/stiri\/wp-content\/uploads\/2018\/01\/646x404-560x350.jpg 560w, https:\/\/www.giurgiuveanul.ro\/stiri\/wp-content\/uploads\/2018\/01\/646x404-250x156.jpg 250w, https:\/\/www.giurgiuveanul.ro\/stiri\/wp-content\/uploads\/2018\/01\/646x404-400x250.jpg 400w, https:\/\/www.giurgiuveanul.ro\/stiri\/wp-content\/uploads\/2018\/01\/646x404.jpg 646w\" sizes=\"auto, (max-width: 560px) 100vw, 560px\" \/><\/a>Ministrul Energiei, Toma Petcu, a declarat, <!--more-->recent, c\u0103, \u00een aceast\u0103 perioad\u0103, nu sunt probleme \u00een privin\u0163a aliment\u0103rii cu energie, iar aprovizionarea cu electricitate \u015fi gaze este &#8222;\u00een grafic&#8221;.<\/strong><\/p>\n<p style=\"text-align: justify;\"><em>&#8222;Recent s-a desf\u0103\u015furat o \u015fedin\u0163\u0103 \u00een Comandamentul de iarn\u0103 din dispeceratul energetic na\u0163ional. P\u00e2n\u0103 la momentul acelei analize, nu a fost niciun fel de problem\u0103. Sunt preg\u0103tite echipele de interven\u0163ie, dac\u0103 va fi cazul de interven\u0163ii la deconect\u0103ri&#8221;, <\/em>a afirmat Toma Petcu, la \u00eenceputul \u015fedin\u0163ei de Guvern.<\/p>\n<p style=\"text-align: justify;\">El a men\u0163ionat c\u0103 sunt stocuri suplimentare de electricitate \u015fi gaze datorit\u0103 condi\u0163iilor meteo favorabile de p\u00e2n\u0103 acum.<\/p>\n<p style=\"text-align: justify;\"><em>&#8222;Pe partea de aprovizionare cu electricitate \u015fi gaze, la ora actual\u0103 suntem \u00een grafic cu stocurile. Chiar putem s\u0103 spunem c\u0103, spre deosebire de ce am estimat c\u0103 o s\u0103 consum\u0103m, avem stocuri suplimentare datorit\u0103 condi\u0163iilor meteo favorabile din aceast\u0103 perioad\u0103. Dac\u0103 vor fi probleme, vom colabora \u00een continuare cu Ministerul de Interne, cu Ministerul Transporturilor, pentru rezolvarea \u015fi remedierea oric\u0103ror situa\u0163ii&#8221;,<\/em> a ad\u0103ugat ministrul giurgiuvean.<\/p>\n","protected":false},"excerpt":{"rendered":"<p>Ministrul Energiei, Toma Petcu, a declarat,<\/p>\n","protected":false},"author":1,"featured_media":0,"comment_status":"open","ping_status":"open","sticky":false,"template":"","format":"standard","meta":{"footnotes":""},"categories":[6],"tags":[],"class_list":["post-49097","post","type-post","status-publish","format-standard","hentry","category-breaking-news"],"_links":{"self":[{"href":"https:\/\/www.giurgiuveanul.ro\/stiri\/wp-json\/wp\/v2\/posts\/49097","targetHints":{"allow":["GET"]}}],"collection":[{"href":"https:\/\/www.giurgiuveanul.ro\/stiri\/wp-json\/wp\/v2\/posts"}],"about":[{"href":"https:\/\/www.giurgiuveanul.ro\/stiri\/wp-json\/wp\/v2\/types\/post"}],"author":[{"embeddable":true,"href":"https:\/\/www.giurgiuveanul.ro\/stiri\/wp-json\/wp\/v2\/users\/1"}],"replies":[{"embeddable":true,"href":"https:\/\/www.giurgiuveanul.ro\/stiri\/wp-json\/wp\/v2\/comments?post=49097"}],"version-history":[{"count":0,"href":"https:\/\/www.giurgiuveanul.ro\/stiri\/wp-json\/wp\/v2\/posts\/49097\/revisions"}],"wp:attachment":[{"href":"https:\/\/www.giurgiuveanul.ro\/stiri\/wp-json\/wp\/v2\/media?parent=49097"}],"wp:term":[{"taxonomy":"category","embeddable":true,"href":"https:\/\/www.giurgiuveanul.ro\/stiri\/wp-json\/wp\/v2\/categories?post=49097"},{"taxonomy":"post_tag","embeddable":true,"href":"https:\/\/www.giurgiuveanul.ro\/stiri\/wp-json\/wp\/v2\/tags?post=49097"}],"curies":[{"name":"wp","href":"https:\/\/api.w.org\/{rel}","templated":true}]}}