{"id":49124,"date":"2018-01-20T18:58:43","date_gmt":"2018-01-20T16:58:43","guid":{"rendered":"https:\/\/www.giurgiuveanul.ro\/stiri\/?p=49124"},"modified":"2018-01-20T19:00:59","modified_gmt":"2018-01-20T17:00:59","slug":"nenorocire-baiat-de-13-ani-s-a-inecat-in-arges","status":"publish","type":"post","link":"https:\/\/www.giurgiuveanul.ro\/stiri\/nenorocire-baiat-de-13-ani-s-a-inecat-in-arges\/","title":{"rendered":"Tragedie f\u0103r\u0103 seam\u0103n! Un b\u0103iat de 13 ani s-a \u00eenecat \u00een Arge\u015f! Tat\u0103l este acuzat de ucidere din culp\u0103&#8230;"},"content":{"rendered":"<p style=\"text-align: justify;\"><a href=\"https:\/\/www.giurgiuveanul.ro\/stiri\/wp-content\/uploads\/2018\/01\/61855365.png\"><img loading=\"lazy\" decoding=\"async\" class=\"aligncenter size-large wp-image-49125\" src=\"https:\/\/www.giurgiuveanul.ro\/stiri\/wp-content\/uploads\/2018\/01\/61855365-560x315.png\" alt=\"61855365\" width=\"560\" height=\"315\" srcset=\"https:\/\/www.giurgiuveanul.ro\/stiri\/wp-content\/uploads\/2018\/01\/61855365-560x315.png 560w, https:\/\/www.giurgiuveanul.ro\/stiri\/wp-content\/uploads\/2018\/01\/61855365-250x141.png 250w, https:\/\/www.giurgiuveanul.ro\/stiri\/wp-content\/uploads\/2018\/01\/61855365-400x225.png 400w, https:\/\/www.giurgiuveanul.ro\/stiri\/wp-content\/uploads\/2018\/01\/61855365.png 680w\" sizes=\"auto, (max-width: 560px) 100vw, 560px\" \/><\/a>S-a \u00eent\u00e2mplat ast\u0103zi, <!--more-->20 ianuarie 2018. Un b\u0103rbat, de 40 de ani, din localiatatea Poiana lui St\u00e2ng\u0103, comuna V\u00e2n\u0103torii Mici, din nordul jude\u0163ului Giurgiu, se deplasa cu un autoturism Dacia 1310, al\u0103turi de doi copii ai s\u0103i, un b\u0103iat de 11 ani \u015fi altul de 13 ani. Din cauza drumului, ma\u015fina a alunecat \u00een r\u00e2ul Arge\u015f.<\/p>\n<p style=\"text-align: justify;\">B\u0103rbatul a reu\u015fit s\u0103-l scoat\u0103 \u015fi s\u0103-l salveze pe b\u0103iatul de 11 ani, \u00eens\u0103 eforturile i-au fost zadarnice \u00een cazul celuilalt copil.<\/p>\n<p style=\"text-align: justify;\">Omul a fugit \u00een sat s\u0103 cear\u0103 ajutorul Pompierilor.<\/p>\n<p style=\"text-align: justify;\">La fa\u0163a locului au intervenit pompierii specializa\u0163i din jude\u0163ele Giurgiu \u015fi D\u00e2mbovi\u0163a.<\/p>\n<p style=\"text-align: justify;\">\u00cen ciuda manevrelor de resuscitare f\u0103cute de cadrele medicale SAJ Giurgiu,\u00a0b\u0103iatul de 13 ani nu a mai putut fi salvat.<\/p>\n<p style=\"text-align: justify;\">La fa\u0163a locului se fac cercet\u0103ri, echipa de cercetare fiind alc\u0103tuit\u0103 din ofi\u0163eri de poli\u0163ie din forma\u0163iunile de criminalistic\u0103 \u015fi judiciare, medic legist, sub procurorului de la Parchetul de pe l\u00e2ng\u0103 Judec\u0103toria Bolintin Vale.<\/p>\n<p>Cadavrul a fost ridicat de legi\u015fti \u015fi transportat la morg\u0103 pentru efectuarea autopsiei.<\/p>\n<p style=\"text-align: justify;\">\u00cen cauz\u0103 s-a deschis un dosar penal pentru ucidere din culp\u0103.<\/p>\n<p style=\"text-align: justify;\">\n","protected":false},"excerpt":{"rendered":"<p>S-a \u00eent\u00e2mplat ast\u0103zi,<\/p>\n","protected":false},"author":1,"featured_media":0,"comment_status":"open","ping_status":"open","sticky":false,"template":"","format":"standard","meta":{"footnotes":""},"categories":[6],"tags":[],"class_list":["post-49124","post","type-post","status-publish","format-standard","hentry","category-breaking-news"],"_links":{"self":[{"href":"https:\/\/www.giurgiuveanul.ro\/stiri\/wp-json\/wp\/v2\/posts\/49124","targetHints":{"allow":["GET"]}}],"collection":[{"href":"https:\/\/www.giurgiuveanul.ro\/stiri\/wp-json\/wp\/v2\/posts"}],"about":[{"href":"https:\/\/www.giurgiuveanul.ro\/stiri\/wp-json\/wp\/v2\/types\/post"}],"author":[{"embeddable":true,"href":"https:\/\/www.giurgiuveanul.ro\/stiri\/wp-json\/wp\/v2\/users\/1"}],"replies":[{"embeddable":true,"href":"https:\/\/www.giurgiuveanul.ro\/stiri\/wp-json\/wp\/v2\/comments?post=49124"}],"version-history":[{"count":0,"href":"https:\/\/www.giurgiuveanul.ro\/stiri\/wp-json\/wp\/v2\/posts\/49124\/revisions"}],"wp:attachment":[{"href":"https:\/\/www.giurgiuveanul.ro\/stiri\/wp-json\/wp\/v2\/media?parent=49124"}],"wp:term":[{"taxonomy":"category","embeddable":true,"href":"https:\/\/www.giurgiuveanul.ro\/stiri\/wp-json\/wp\/v2\/categories?post=49124"},{"taxonomy":"post_tag","embeddable":true,"href":"https:\/\/www.giurgiuveanul.ro\/stiri\/wp-json\/wp\/v2\/tags?post=49124"}],"curies":[{"name":"wp","href":"https:\/\/api.w.org\/{rel}","templated":true}]}}