{"id":49129,"date":"2018-01-21T13:50:37","date_gmt":"2018-01-21T11:50:37","guid":{"rendered":"https:\/\/www.giurgiuveanul.ro\/stiri\/?p=49129"},"modified":"2018-01-21T13:50:43","modified_gmt":"2018-01-21T11:50:43","slug":"tanara-de-27-de-ani-depistata-conducand-autoturismul-pe-drumurile-publice-fara-permis","status":"publish","type":"post","link":"https:\/\/www.giurgiuveanul.ro\/stiri\/tanara-de-27-de-ani-depistata-conducand-autoturismul-pe-drumurile-publice-fara-permis\/","title":{"rendered":"T\u00e2n\u0103r\u0103 de 27 de ani, depistat\u0103 conduc\u00e2nd autoturismul pe drumurile publice&#8230; f\u0103r\u0103 permis!"},"content":{"rendered":"<p style=\"text-align: justify;\"><strong><a href=\"https:\/\/www.giurgiuveanul.ro\/stiri\/wp-content\/uploads\/2018\/01\/femeie-la-volan-e1320066752445.jpg\"><img loading=\"lazy\" decoding=\"async\" class=\"aligncenter size-large wp-image-49130\" src=\"https:\/\/www.giurgiuveanul.ro\/stiri\/wp-content\/uploads\/2018\/01\/femeie-la-volan-e1320066752445-560x295.jpg\" alt=\"femeie-la-volan-e1320066752445\" width=\"560\" height=\"295\" srcset=\"https:\/\/www.giurgiuveanul.ro\/stiri\/wp-content\/uploads\/2018\/01\/femeie-la-volan-e1320066752445-560x295.jpg 560w, https:\/\/www.giurgiuveanul.ro\/stiri\/wp-content\/uploads\/2018\/01\/femeie-la-volan-e1320066752445-250x132.jpg 250w, https:\/\/www.giurgiuveanul.ro\/stiri\/wp-content\/uploads\/2018\/01\/femeie-la-volan-e1320066752445-400x211.jpg 400w, https:\/\/www.giurgiuveanul.ro\/stiri\/wp-content\/uploads\/2018\/01\/femeie-la-volan-e1320066752445.jpg 570w\" sizes=\"auto, (max-width: 560px) 100vw, 560px\" \/><\/a>O t\u00e2n\u0103r\u0103 <!--more-->bucure\u0219teanc\u0103 este cercetat\u0103 penal dup\u0103 ce a fost depistat\u0103 de poli\u021bi\u0219tii din ora\u0219ul Mih\u0103ile\u0219ti conduc\u00e2nd un autoturism pe drumurile publice, f\u0103r\u0103 s\u0103 posede permis de conducere.<\/strong><\/p>\n<p style=\"text-align: justify;\">La data de 21.01.2018, \u00een jurul orei 01.15, poli\u021bi\u0219tii din cadrul Poli\u021biei Ora\u0219 Mih\u0103ile\u0219ti au depistat \u00een trafic o t\u00e2n\u0103r\u0103 de 27 ani, din municipiul Bucure\u0219ti, \u00een timp ce conducea autoturismul pe Drumul Na\u021bional 6, \u00een ora\u0219ul Mih\u0103ile\u0219ti, jude\u021bul Giurgiu, f\u0103r\u0103 a poseda permis de conducere pentru nicio categorie de autovehicule.<\/p>\n<p style=\"text-align: justify;\">Poli\u021bi\u0219tii au \u00eentocmit \u00een cauz\u0103 un dosar penal, \u00een care continu\u0103 cercet\u0103rile fa\u021b\u0103 de persoana depistat\u0103, sub aspectul s\u0103v\u00e2r\u0219irii infrac\u021biunii de conducerea pe drumurile publice a unui autovehicul f\u0103r\u0103 permis de conducere.<\/p>\n","protected":false},"excerpt":{"rendered":"<p>O t\u00e2n\u0103r\u0103<\/p>\n","protected":false},"author":1,"featured_media":0,"comment_status":"open","ping_status":"open","sticky":false,"template":"","format":"standard","meta":{"footnotes":""},"categories":[6],"tags":[],"class_list":["post-49129","post","type-post","status-publish","format-standard","hentry","category-breaking-news"],"_links":{"self":[{"href":"https:\/\/www.giurgiuveanul.ro\/stiri\/wp-json\/wp\/v2\/posts\/49129","targetHints":{"allow":["GET"]}}],"collection":[{"href":"https:\/\/www.giurgiuveanul.ro\/stiri\/wp-json\/wp\/v2\/posts"}],"about":[{"href":"https:\/\/www.giurgiuveanul.ro\/stiri\/wp-json\/wp\/v2\/types\/post"}],"author":[{"embeddable":true,"href":"https:\/\/www.giurgiuveanul.ro\/stiri\/wp-json\/wp\/v2\/users\/1"}],"replies":[{"embeddable":true,"href":"https:\/\/www.giurgiuveanul.ro\/stiri\/wp-json\/wp\/v2\/comments?post=49129"}],"version-history":[{"count":0,"href":"https:\/\/www.giurgiuveanul.ro\/stiri\/wp-json\/wp\/v2\/posts\/49129\/revisions"}],"wp:attachment":[{"href":"https:\/\/www.giurgiuveanul.ro\/stiri\/wp-json\/wp\/v2\/media?parent=49129"}],"wp:term":[{"taxonomy":"category","embeddable":true,"href":"https:\/\/www.giurgiuveanul.ro\/stiri\/wp-json\/wp\/v2\/categories?post=49129"},{"taxonomy":"post_tag","embeddable":true,"href":"https:\/\/www.giurgiuveanul.ro\/stiri\/wp-json\/wp\/v2\/tags?post=49129"}],"curies":[{"name":"wp","href":"https:\/\/api.w.org\/{rel}","templated":true}]}}