{"id":49136,"date":"2018-01-21T17:05:34","date_gmt":"2018-01-21T15:05:34","guid":{"rendered":"https:\/\/www.giurgiuveanul.ro\/stiri\/?p=49136"},"modified":"2018-01-21T17:05:34","modified_gmt":"2018-01-21T15:05:34","slug":"condamnat-pentru-furt-calificat-prins-si-arestat-astazi-in-vama-giurgiu","status":"publish","type":"post","link":"https:\/\/www.giurgiuveanul.ro\/stiri\/condamnat-pentru-furt-calificat-prins-si-arestat-astazi-in-vama-giurgiu\/","title":{"rendered":"Condamnat pentru furt calificat, prins \u015fi arestat ast\u0103zi \u00een Vama Giurgiu!"},"content":{"rendered":"<p style=\"text-align: justify;\"><strong><a href=\"https:\/\/www.giurgiuveanul.ro\/stiri\/wp-content\/uploads\/2018\/01\/acuzat-ca-ar-fi-violat-pe-un-camp-un-minor-de-sase-ani1348046112.jpg\"><img loading=\"lazy\" decoding=\"async\" class=\"aligncenter size-large wp-image-49137\" src=\"https:\/\/www.giurgiuveanul.ro\/stiri\/wp-content\/uploads\/2018\/01\/acuzat-ca-ar-fi-violat-pe-un-camp-un-minor-de-sase-ani1348046112-560x360.jpg\" alt=\"acuzat-ca-ar-fi-violat-pe-un-camp-un-minor-de-sase-ani1348046112\" width=\"560\" height=\"360\" srcset=\"https:\/\/www.giurgiuveanul.ro\/stiri\/wp-content\/uploads\/2018\/01\/acuzat-ca-ar-fi-violat-pe-un-camp-un-minor-de-sase-ani1348046112-560x360.jpg 560w, https:\/\/www.giurgiuveanul.ro\/stiri\/wp-content\/uploads\/2018\/01\/acuzat-ca-ar-fi-violat-pe-un-camp-un-minor-de-sase-ani1348046112-250x161.jpg 250w, https:\/\/www.giurgiuveanul.ro\/stiri\/wp-content\/uploads\/2018\/01\/acuzat-ca-ar-fi-violat-pe-un-camp-un-minor-de-sase-ani1348046112-400x257.jpg 400w, https:\/\/www.giurgiuveanul.ro\/stiri\/wp-content\/uploads\/2018\/01\/acuzat-ca-ar-fi-violat-pe-un-camp-un-minor-de-sase-ani1348046112.jpg 700w\" sizes=\"auto, (max-width: 560px) 100vw, 560px\" \/><\/a>Ast\u0103zi, 21 ianuarie a.c., poli\u021bi\u0219tii giurgiuveni <!--more-->au pus \u00een executare un mandat emis, pe numele unui t\u00e2n\u0103r din jude\u021bul Timi\u0219, pentru s\u0103v\u00e2r\u0219irea infrac\u021biunii de furt calificat.<\/strong><\/p>\n<p style=\"text-align: justify;\">\u00cen diminea\u021ba zilei de 21 ianuarie 2017, poli\u021bi\u0219tii Serviciului de Investiga\u021bii Criminale din cadrul I.P.J. Giurgiu au pus \u00een executare un Mandat de executare a pedepsei cu \u00eenchisoarea emis de Judec\u0103toria Timi\u0219oara, la data de 17 ianuarie a.c., pe numele unui t\u00e2n\u0103r de 36 de ani, din ora\u0219ul Jimbolia, jude\u021bul Timi\u0219, pentru s\u0103v\u00e2r\u0219irea infrac\u021biunii de furt calificat.<\/p>\n<p style=\"text-align: justify;\">T\u00e2n\u0103rul, depistat \u00een Punctul de Trecere a Frontierei Giurgiu, a fost preluat \u0219i condus la sediul I.P.J. Giurgiu, unde, poli\u021bi\u0219tii Compartimentului Urm\u0103riri au \u00eentocmit \u00a0documenta\u021bia necesar\u0103 \u00een vederea \u00eencarcer\u0103rii.<\/p>\n<p style=\"text-align: justify;\">Persoana depistat\u0103 a fost depus\u0103 la Penitenciarul Giurgiu.<\/p>\n","protected":false},"excerpt":{"rendered":"<p>Ast\u0103zi, 21 ianuarie a.c., poli\u021bi\u0219tii giurgiuveni<\/p>\n","protected":false},"author":1,"featured_media":0,"comment_status":"open","ping_status":"open","sticky":false,"template":"","format":"standard","meta":{"footnotes":""},"categories":[6],"tags":[],"class_list":["post-49136","post","type-post","status-publish","format-standard","hentry","category-breaking-news"],"_links":{"self":[{"href":"https:\/\/www.giurgiuveanul.ro\/stiri\/wp-json\/wp\/v2\/posts\/49136","targetHints":{"allow":["GET"]}}],"collection":[{"href":"https:\/\/www.giurgiuveanul.ro\/stiri\/wp-json\/wp\/v2\/posts"}],"about":[{"href":"https:\/\/www.giurgiuveanul.ro\/stiri\/wp-json\/wp\/v2\/types\/post"}],"author":[{"embeddable":true,"href":"https:\/\/www.giurgiuveanul.ro\/stiri\/wp-json\/wp\/v2\/users\/1"}],"replies":[{"embeddable":true,"href":"https:\/\/www.giurgiuveanul.ro\/stiri\/wp-json\/wp\/v2\/comments?post=49136"}],"version-history":[{"count":0,"href":"https:\/\/www.giurgiuveanul.ro\/stiri\/wp-json\/wp\/v2\/posts\/49136\/revisions"}],"wp:attachment":[{"href":"https:\/\/www.giurgiuveanul.ro\/stiri\/wp-json\/wp\/v2\/media?parent=49136"}],"wp:term":[{"taxonomy":"category","embeddable":true,"href":"https:\/\/www.giurgiuveanul.ro\/stiri\/wp-json\/wp\/v2\/categories?post=49136"},{"taxonomy":"post_tag","embeddable":true,"href":"https:\/\/www.giurgiuveanul.ro\/stiri\/wp-json\/wp\/v2\/tags?post=49136"}],"curies":[{"name":"wp","href":"https:\/\/api.w.org\/{rel}","templated":true}]}}