{"id":49148,"date":"2018-01-22T15:35:49","date_gmt":"2018-01-22T13:35:49","guid":{"rendered":"https:\/\/www.giurgiuveanul.ro\/stiri\/?p=49148"},"modified":"2018-01-22T15:35:49","modified_gmt":"2018-01-22T13:35:49","slug":"sofer-prins-la-volan-fara-permis-de-conducere","status":"publish","type":"post","link":"https:\/\/www.giurgiuveanul.ro\/stiri\/sofer-prins-la-volan-fara-permis-de-conducere\/","title":{"rendered":"\u201e\u015eofer\u201d prins la volan&#8230; f\u0103r\u0103 permis de conducere!"},"content":{"rendered":"<p style=\"text-align: justify;\"><strong><a href=\"https:\/\/www.giurgiuveanul.ro\/stiri\/wp-content\/uploads\/2018\/01\/img.jpg\"><img loading=\"lazy\" decoding=\"async\" class=\"aligncenter size-large wp-image-49149\" src=\"https:\/\/www.giurgiuveanul.ro\/stiri\/wp-content\/uploads\/2018\/01\/img-560x315.jpg\" alt=\"img\" width=\"560\" height=\"315\" srcset=\"https:\/\/www.giurgiuveanul.ro\/stiri\/wp-content\/uploads\/2018\/01\/img-560x315.jpg 560w, https:\/\/www.giurgiuveanul.ro\/stiri\/wp-content\/uploads\/2018\/01\/img-250x140.jpg 250w, https:\/\/www.giurgiuveanul.ro\/stiri\/wp-content\/uploads\/2018\/01\/img-400x225.jpg 400w, https:\/\/www.giurgiuveanul.ro\/stiri\/wp-content\/uploads\/2018\/01\/img.jpg 840w\" sizes=\"auto, (max-width: 560px) 100vw, 560px\" \/><\/a>Un <!--more-->b\u0103rbat este cercetat de poli\u021bi\u0219ti dup\u0103 ce a fost depistat conduc\u00e2nd un autoturism pe drumurile publice, f\u0103r\u0103 s\u0103 posede permis de conducere.<\/strong><\/p>\n<p style=\"text-align: justify;\">Poli\u021bi\u0219tii din cadrul Sec\u021biei nr.2 Poli\u021bie Rural\u0103 Comana au depistat \u00een trafic un b\u0103rbat de 40 ani, din ora\u0219ul Pope\u0219ti Leordeni, jude\u021bul Ilfov, \u00een timp ce conducea autoturismul pe Drumul Jude\u021bean 401, \u00een comuna V\u0103r\u0103\u0219ti, sat Dobreni, jude\u021bul Giurgiu, f\u0103r\u0103 a poseda permis de conducere pentru nicio categorie de vehicule.<\/p>\n<p style=\"text-align: justify;\">Poli\u021bi\u0219tii au \u00eentocmit \u00een cauz\u0103 un dosar penal \u00een care continu\u0103 cercet\u0103rile fa\u021b\u0103 de persoana depistat\u0103, sub aspectul s\u0103v\u00e2r\u0219irii infrac\u021biunii de conducerea pe drumurile publice a unui autovehicul f\u0103r\u0103 permis de conducere.<\/p>\n","protected":false},"excerpt":{"rendered":"<p>Un<\/p>\n","protected":false},"author":1,"featured_media":0,"comment_status":"open","ping_status":"open","sticky":false,"template":"","format":"standard","meta":{"footnotes":""},"categories":[6],"tags":[],"class_list":["post-49148","post","type-post","status-publish","format-standard","hentry","category-breaking-news"],"_links":{"self":[{"href":"https:\/\/www.giurgiuveanul.ro\/stiri\/wp-json\/wp\/v2\/posts\/49148","targetHints":{"allow":["GET"]}}],"collection":[{"href":"https:\/\/www.giurgiuveanul.ro\/stiri\/wp-json\/wp\/v2\/posts"}],"about":[{"href":"https:\/\/www.giurgiuveanul.ro\/stiri\/wp-json\/wp\/v2\/types\/post"}],"author":[{"embeddable":true,"href":"https:\/\/www.giurgiuveanul.ro\/stiri\/wp-json\/wp\/v2\/users\/1"}],"replies":[{"embeddable":true,"href":"https:\/\/www.giurgiuveanul.ro\/stiri\/wp-json\/wp\/v2\/comments?post=49148"}],"version-history":[{"count":0,"href":"https:\/\/www.giurgiuveanul.ro\/stiri\/wp-json\/wp\/v2\/posts\/49148\/revisions"}],"wp:attachment":[{"href":"https:\/\/www.giurgiuveanul.ro\/stiri\/wp-json\/wp\/v2\/media?parent=49148"}],"wp:term":[{"taxonomy":"category","embeddable":true,"href":"https:\/\/www.giurgiuveanul.ro\/stiri\/wp-json\/wp\/v2\/categories?post=49148"},{"taxonomy":"post_tag","embeddable":true,"href":"https:\/\/www.giurgiuveanul.ro\/stiri\/wp-json\/wp\/v2\/tags?post=49148"}],"curies":[{"name":"wp","href":"https:\/\/api.w.org\/{rel}","templated":true}]}}