{"id":49155,"date":"2018-01-22T18:36:44","date_gmt":"2018-01-22T16:36:44","guid":{"rendered":"https:\/\/www.giurgiuveanul.ro\/stiri\/?p=49155"},"modified":"2018-01-22T18:36:44","modified_gmt":"2018-01-22T16:36:44","slug":"vesti-triste-de-ultima-ora-cand-va-fi-adusa-acasa-alina-cosovliu","status":"publish","type":"post","link":"https:\/\/www.giurgiuveanul.ro\/stiri\/vesti-triste-de-ultima-ora-cand-va-fi-adusa-acasa-alina-cosovliu\/","title":{"rendered":"Ve\u015fti triste de ULTIM\u0102 OR\u0102! C\u00e2nd va fi adus\u0103 acas\u0103 Alina Co\u015fovliu"},"content":{"rendered":"<p style=\"text-align: justify;\"><strong><a href=\"https:\/\/www.giurgiuveanul.ro\/stiri\/wp-content\/uploads\/2018\/01\/26804678_1575907129153945_4032649157140605680_n.jpg\"><img loading=\"lazy\" decoding=\"async\" class=\"aligncenter size-large wp-image-49157\" src=\"https:\/\/www.giurgiuveanul.ro\/stiri\/wp-content\/uploads\/2018\/01\/26804678_1575907129153945_4032649157140605680_n-455x450.jpg\" alt=\"26804678_1575907129153945_4032649157140605680_n\" width=\"455\" height=\"450\" srcset=\"https:\/\/www.giurgiuveanul.ro\/stiri\/wp-content\/uploads\/2018\/01\/26804678_1575907129153945_4032649157140605680_n-455x450.jpg 455w, https:\/\/www.giurgiuveanul.ro\/stiri\/wp-content\/uploads\/2018\/01\/26804678_1575907129153945_4032649157140605680_n-250x247.jpg 250w, https:\/\/www.giurgiuveanul.ro\/stiri\/wp-content\/uploads\/2018\/01\/26804678_1575907129153945_4032649157140605680_n-400x396.jpg 400w, https:\/\/www.giurgiuveanul.ro\/stiri\/wp-content\/uploads\/2018\/01\/26804678_1575907129153945_4032649157140605680_n.jpg 800w\" sizes=\"auto, (max-width: 455px) 100vw, 455px\" \/><\/a>Este \u00eentrebarea ce ne-a fost adresat\u0103, \u00een ultimele zile, de zeci, poate chiar sute de cititori, care vor s\u0103 \u00eei aduc\u0103 un ultim omagiu \u015fi s\u0103 \u00ee\u015fi ia r\u0103mas bun de la ea&#8230;<\/strong><\/p>\n<p style=\"text-align: justify;\">Am luat leg\u0103tura cu<!--more--> rudele tinerei dar, din p\u0103cate, nu au putut s\u0103 dea o dat\u0103 exact\u0103 \u00een acest sens, deoarece, abia <strong>m\u00e2ine<\/strong>, <em>n.r. mar\u0163i<\/em>, trupul ne\u00eensufle\u0163it al Alinei va fi pus \u00eentr-un sicriu alb, conform dorin\u0163ei p\u0103rin\u0163ilor, \u00a0\u015fi va fi sigilat, \u00een prezen\u0163a familiei.<\/p>\n<p style=\"text-align: justify;\">Abia dup\u0103 aceasta, sicriul cu trupul ne\u00eensufle\u0163it al fetei va putea fi trimis acas\u0103, cel mai probabil cu avionul.<\/p>\n<p style=\"text-align: justify;\">\u00cen cazul \u00een care, formalit\u0103\u0163ile se vor desf\u0103\u015fura mai repede, sicriul ar putea ajunge <strong>mar\u0163i seara<\/strong>, ori \u00een cursul zilei de <strong>miercuri<\/strong> sau, <strong>cel t\u00e2rziu<\/strong>\u00a0<strong>joi<\/strong> <em>(25 ianuarie a.c.)<\/em>.<\/p>\n<p style=\"text-align: justify;\">Exist\u0103 posibilitatea ca Alina Co\u015fovliu s\u0103 fie \u00eenmorm\u00e2ntat\u0103 cu onoruri militare, fiind subofi\u0163er \u00een cadrul Inspectoratului de Poli\u0163ie Jude\u0163ean (IPJ) Giurgiu, \u00eens\u0103 acest lucru va fi stabilit, ulterior, dup\u0103 discu\u0163iile cu familia, ne-au declarat surse din cadrul IPJ Giurgiu.<\/p>\n<p style=\"text-align: justify;\">Noi v\u0103 vom \u0163ine la curent cu toate demersurile.<\/p>\n","protected":false},"excerpt":{"rendered":"<p>Este \u00eentrebarea ce ne-a fost adresat\u0103, \u00een ultimele zile, de zeci, poate chiar sute de cititori, care vor s\u0103 \u00eei aduc\u0103 un ultim omagiu \u015fi s\u0103 \u00ee\u015fi ia r\u0103mas bun de la ea&#8230; Am luat leg\u0103tura cu<\/p>\n","protected":false},"author":1,"featured_media":0,"comment_status":"open","ping_status":"open","sticky":false,"template":"","format":"standard","meta":{"footnotes":""},"categories":[6],"tags":[],"class_list":["post-49155","post","type-post","status-publish","format-standard","hentry","category-breaking-news"],"_links":{"self":[{"href":"https:\/\/www.giurgiuveanul.ro\/stiri\/wp-json\/wp\/v2\/posts\/49155","targetHints":{"allow":["GET"]}}],"collection":[{"href":"https:\/\/www.giurgiuveanul.ro\/stiri\/wp-json\/wp\/v2\/posts"}],"about":[{"href":"https:\/\/www.giurgiuveanul.ro\/stiri\/wp-json\/wp\/v2\/types\/post"}],"author":[{"embeddable":true,"href":"https:\/\/www.giurgiuveanul.ro\/stiri\/wp-json\/wp\/v2\/users\/1"}],"replies":[{"embeddable":true,"href":"https:\/\/www.giurgiuveanul.ro\/stiri\/wp-json\/wp\/v2\/comments?post=49155"}],"version-history":[{"count":0,"href":"https:\/\/www.giurgiuveanul.ro\/stiri\/wp-json\/wp\/v2\/posts\/49155\/revisions"}],"wp:attachment":[{"href":"https:\/\/www.giurgiuveanul.ro\/stiri\/wp-json\/wp\/v2\/media?parent=49155"}],"wp:term":[{"taxonomy":"category","embeddable":true,"href":"https:\/\/www.giurgiuveanul.ro\/stiri\/wp-json\/wp\/v2\/categories?post=49155"},{"taxonomy":"post_tag","embeddable":true,"href":"https:\/\/www.giurgiuveanul.ro\/stiri\/wp-json\/wp\/v2\/tags?post=49155"}],"curies":[{"name":"wp","href":"https:\/\/api.w.org\/{rel}","templated":true}]}}