{"id":49184,"date":"2018-01-23T16:21:42","date_gmt":"2018-01-23T14:21:42","guid":{"rendered":"https:\/\/www.giurgiuveanul.ro\/stiri\/?p=49184"},"modified":"2018-01-23T16:21:42","modified_gmt":"2018-01-23T14:21:42","slug":"bmw-s-a-rasturnat-in-sensul-giratoriu-de-la-steaua-dunarii-foto","status":"publish","type":"post","link":"https:\/\/www.giurgiuveanul.ro\/stiri\/bmw-s-a-rasturnat-in-sensul-giratoriu-de-la-steaua-dunarii-foto\/","title":{"rendered":"Un BMW s-a r\u0103sturnat \u00een sensul giratoriu de la Steaua Dun\u0103rii (FOTO)"},"content":{"rendered":"<p style=\"text-align: justify;\"><strong><a href=\"https:\/\/www.giurgiuveanul.ro\/stiri\/wp-content\/uploads\/2018\/01\/IMG_4016-2.jpg\"><img loading=\"lazy\" decoding=\"async\" class=\"aligncenter size-large wp-image-49185\" src=\"https:\/\/www.giurgiuveanul.ro\/stiri\/wp-content\/uploads\/2018\/01\/IMG_4016-2-560x450.jpg\" alt=\"IMG_4016-2\" width=\"560\" height=\"450\" srcset=\"https:\/\/www.giurgiuveanul.ro\/stiri\/wp-content\/uploads\/2018\/01\/IMG_4016-2-560x450.jpg 560w, https:\/\/www.giurgiuveanul.ro\/stiri\/wp-content\/uploads\/2018\/01\/IMG_4016-2-250x201.jpg 250w, https:\/\/www.giurgiuveanul.ro\/stiri\/wp-content\/uploads\/2018\/01\/IMG_4016-2-400x321.jpg 400w, https:\/\/www.giurgiuveanul.ro\/stiri\/wp-content\/uploads\/2018\/01\/IMG_4016-2.jpg 800w\" sizes=\"auto, (max-width: 560px) 100vw, 560px\" \/><\/a>Posesorul unui BMW <!--more-->s-a r\u0103sturnat cu ma\u0219ina, azi noapte, \u00een sensul giratoriu de la Steaua Dun\u0103rii. S-a \u00eent\u00e2mplat \u00een jurul orei 3.20, c\u00e2nd b\u0103rbatul, care cel mai probabil avea vitez\u0103, a lovit bordura \u0219i nu a mai putut controla autoturismul, r\u0103sturn\u00e2ndu-se cu acesta chiar \u00een sensul giratoriu.<\/strong><\/p>\n<p style=\"text-align: justify;\">Cum a fost tamponare, b\u0103rbatul a plecat de la locul evenimentului rutier. \u00cens\u0103, din informa\u021biile noastre, aceasta a p\u0103r\u0103sit locul accidentului nu din alte motive, ci pentru c\u0103 avea permisul anulat, \u00een urma unei condamn\u0103ri cu suspendare la o infrac\u021biune la regimul rutier.<\/p>\n<p style=\"text-align: justify;\">A fost identificat \u00eens\u0103 de poli\u021bi\u0219ti \u00een cursul dimine\u021bii, fiind vorba de un b\u0103rbat de 40-45 de ani, din Giurgiu.<\/p>\n<p style=\"text-align: justify;\">\u00cen prezent, poli\u021bi\u0219tii rutieri desf\u0103\u0219oar\u0103 cercet\u0103ri, sub coordonarea Parchetului de pe l\u00e2ng\u0103 Judec\u0103toria Giurgiu, sub aspectul s\u0103v\u00e2r\u0219irii infrac\u021biunii de conducere cu permisul anulat.<\/p>\n","protected":false},"excerpt":{"rendered":"<p>Posesorul unui BMW<\/p>\n","protected":false},"author":1,"featured_media":0,"comment_status":"open","ping_status":"open","sticky":false,"template":"","format":"standard","meta":{"footnotes":""},"categories":[6],"tags":[],"class_list":["post-49184","post","type-post","status-publish","format-standard","hentry","category-breaking-news"],"_links":{"self":[{"href":"https:\/\/www.giurgiuveanul.ro\/stiri\/wp-json\/wp\/v2\/posts\/49184","targetHints":{"allow":["GET"]}}],"collection":[{"href":"https:\/\/www.giurgiuveanul.ro\/stiri\/wp-json\/wp\/v2\/posts"}],"about":[{"href":"https:\/\/www.giurgiuveanul.ro\/stiri\/wp-json\/wp\/v2\/types\/post"}],"author":[{"embeddable":true,"href":"https:\/\/www.giurgiuveanul.ro\/stiri\/wp-json\/wp\/v2\/users\/1"}],"replies":[{"embeddable":true,"href":"https:\/\/www.giurgiuveanul.ro\/stiri\/wp-json\/wp\/v2\/comments?post=49184"}],"version-history":[{"count":0,"href":"https:\/\/www.giurgiuveanul.ro\/stiri\/wp-json\/wp\/v2\/posts\/49184\/revisions"}],"wp:attachment":[{"href":"https:\/\/www.giurgiuveanul.ro\/stiri\/wp-json\/wp\/v2\/media?parent=49184"}],"wp:term":[{"taxonomy":"category","embeddable":true,"href":"https:\/\/www.giurgiuveanul.ro\/stiri\/wp-json\/wp\/v2\/categories?post=49184"},{"taxonomy":"post_tag","embeddable":true,"href":"https:\/\/www.giurgiuveanul.ro\/stiri\/wp-json\/wp\/v2\/tags?post=49184"}],"curies":[{"name":"wp","href":"https:\/\/api.w.org\/{rel}","templated":true}]}}